{"id":34614,"date":"2022-12-08T15:36:43","date_gmt":"2022-12-08T18:36:43","guid":{"rendered":"https:\/\/www.uninter.com\/radio\/?p=34614"},"modified":"2022-12-08T15:36:45","modified_gmt":"2022-12-08T18:36:45","slug":"conversa-com-o-reitor-conexao-brasil-x-catar-da-mobilidade-do-dia-a-dia-a-copa","status":"publish","type":"post","link":"https:\/\/www.uninter.com\/radio\/conversa-com-o-reitor-conexao-brasil-x-catar-da-mobilidade-do-dia-a-dia-a-copa","title":{"rendered":"Conversa com o Reitor | Conex\u00e3o Brasil x Catar: da mobilidade do dia a dia \u00e0 Copa"},"content":{"rendered":"\n<figure class=\"wp-block-audio\"><audio controls src=\"https:\/\/www.uninter.com\/radio\/wp-content\/uploads\/2022\/12\/conversa-com-o-reitor-02-12-2022.mp3\"><\/audio><\/figure>\n\n\n\n<p>O Conversa com o Reitor vai direto ao Catar para contar a trajet\u00f3ria da egressa Karen Rocha, formada em Gest\u00e3o de Tr\u00e2nsito e Mobilidade Urbana pela Uninter, e que hoje trabalha na infraestrutura urbana da Copa no pa\u00eds \u00e1rabe. <\/p>\n\n\n\n<p>Benhur Gaio ainda recebe os professores Gerson Buczenko e Valdilson Lopes para o bate-papo.<\/p>\n","protected":false},"excerpt":{"rendered":"<p>O Conversa com o Reitor vai direto ao Catar para contar a trajet\u00f3ria da egressa&#8230;<\/p>\n","protected":false},"author":3,"featured_media":31088,"comment_status":"open","ping_status":"open","sticky":false,"template":"","format":"standard","meta":[],"categories":[2724],"tags":[],"_links":{"self":[{"href":"https:\/\/www.uninter.com\/radio\/wp-json\/wp\/v2\/posts\/34614"}],"collection":[{"href":"https:\/\/www.uninter.com\/radio\/wp-json\/wp\/v2\/posts"}],"about":[{"href":"https:\/\/www.uninter.com\/radio\/wp-json\/wp\/v2\/types\/post"}],"author":[{"embeddable":true,"href":"https:\/\/www.uninter.com\/radio\/wp-json\/wp\/v2\/users\/3"}],"replies":[{"embeddable":true,"href":"https:\/\/www.uninter.com\/radio\/wp-json\/wp\/v2\/comments?post=34614"}],"version-history":[{"count":1,"href":"https:\/\/www.uninter.com\/radio\/wp-json\/wp\/v2\/posts\/34614\/revisions"}],"predecessor-version":[{"id":34616,"href":"https:\/\/www.uninter.com\/radio\/wp-json\/wp\/v2\/posts\/34614\/revisions\/34616"}],"wp:featuredmedia":[{"embeddable":true,"href":"https:\/\/www.uninter.com\/radio\/wp-json\/wp\/v2\/media\/31088"}],"wp:attachment":[{"href":"https:\/\/www.uninter.com\/radio\/wp-json\/wp\/v2\/media?parent=34614"}],"wp:term":[{"taxonomy":"category","embeddable":true,"href":"https:\/\/www.uninter.com\/radio\/wp-json\/wp\/v2\/categories?post=34614"},{"taxonomy":"post_tag","embeddable":true,"href":"https:\/\/www.uninter.com\/radio\/wp-json\/wp\/v2\/tags?post=34614"}],"curies":[{"name":"wp","href":"https:\/\/api.w.org\/{rel}","templated":true}]}}