{"id":34608,"date":"2022-12-08T15:29:35","date_gmt":"2022-12-08T18:29:35","guid":{"rendered":"https:\/\/www.uninter.com\/radio\/?p=34608"},"modified":"2022-12-08T15:29:37","modified_gmt":"2022-12-08T18:29:37","slug":"chave-interdisciplinar-experimentacao-pela-visao-dos-quimicos-e-fisicos","status":"publish","type":"post","link":"https:\/\/www.uninter.com\/radio\/chave-interdisciplinar-experimentacao-pela-visao-dos-quimicos-e-fisicos","title":{"rendered":"Chave Interdisciplinar | Experimenta\u00e7\u00e3o pela vis\u00e3o dos qu\u00edmicos e f\u00edsicos"},"content":{"rendered":"\n<figure class=\"wp-block-audio\"><audio controls src=\"https:\/\/www.uninter.com\/radio\/wp-content\/uploads\/2022\/12\/chave-01-12-2022.mp3\"><\/audio><\/figure>\n\n\n\n<p>O programa Chave Interdiscplinar visa discutir sobre a vis\u00e3o dos f\u00edsicos e qu\u00edmicos sobre a experimenta\u00e7\u00e3o. <\/p>\n\n\n\n<p>Para a conversa contamos com a presen\u00e7a dos professores Gabriele Kuhn Dupont e Daniel Guimaraes Tedesco.<\/p>\n","protected":false},"excerpt":{"rendered":"<p>O programa Chave Interdiscplinar visa discutir sobre a vis\u00e3o dos f\u00edsicos e qu\u00edmicos sobre a&#8230;<\/p>\n","protected":false},"author":3,"featured_media":33668,"comment_status":"open","ping_status":"open","sticky":false,"template":"","format":"standard","meta":[],"categories":[2735],"tags":[],"_links":{"self":[{"href":"https:\/\/www.uninter.com\/radio\/wp-json\/wp\/v2\/posts\/34608"}],"collection":[{"href":"https:\/\/www.uninter.com\/radio\/wp-json\/wp\/v2\/posts"}],"about":[{"href":"https:\/\/www.uninter.com\/radio\/wp-json\/wp\/v2\/types\/post"}],"author":[{"embeddable":true,"href":"https:\/\/www.uninter.com\/radio\/wp-json\/wp\/v2\/users\/3"}],"replies":[{"embeddable":true,"href":"https:\/\/www.uninter.com\/radio\/wp-json\/wp\/v2\/comments?post=34608"}],"version-history":[{"count":1,"href":"https:\/\/www.uninter.com\/radio\/wp-json\/wp\/v2\/posts\/34608\/revisions"}],"predecessor-version":[{"id":34610,"href":"https:\/\/www.uninter.com\/radio\/wp-json\/wp\/v2\/posts\/34608\/revisions\/34610"}],"wp:featuredmedia":[{"embeddable":true,"href":"https:\/\/www.uninter.com\/radio\/wp-json\/wp\/v2\/media\/33668"}],"wp:attachment":[{"href":"https:\/\/www.uninter.com\/radio\/wp-json\/wp\/v2\/media?parent=34608"}],"wp:term":[{"taxonomy":"category","embeddable":true,"href":"https:\/\/www.uninter.com\/radio\/wp-json\/wp\/v2\/categories?post=34608"},{"taxonomy":"post_tag","embeddable":true,"href":"https:\/\/www.uninter.com\/radio\/wp-json\/wp\/v2\/tags?post=34608"}],"curies":[{"name":"wp","href":"https:\/\/api.w.org\/{rel}","templated":true}]}}