{"id":34602,"date":"2022-12-08T15:23:18","date_gmt":"2022-12-08T18:23:18","guid":{"rendered":"https:\/\/www.uninter.com\/radio\/?p=34602"},"modified":"2022-12-08T15:23:19","modified_gmt":"2022-12-08T18:23:19","slug":"saude-em-foco-edicao-especial-dezembro-vermelho-prevencao-ao-hiv-e-a-pessoa-idosa","status":"publish","type":"post","link":"https:\/\/www.uninter.com\/radio\/saude-em-foco-edicao-especial-dezembro-vermelho-prevencao-ao-hiv-e-a-pessoa-idosa","title":{"rendered":"Sa\u00fade em Foco (edi\u00e7\u00e3o especial) | Dezembro Vermelho: preven\u00e7\u00e3o ao HIV e a pessoa idosa"},"content":{"rendered":"\n<figure class=\"wp-block-audio\"><audio controls src=\"https:\/\/www.uninter.com\/radio\/wp-content\/uploads\/2022\/12\/saude-em-foco-01-12-2022.mp3\"><\/audio><\/figure>\n\n\n\n<p>Dezembro Vermelho \u00e9 uma campanha que busca conscientizar quanto ao tratamento precoce e a preven\u00e7\u00e3o ao HIV e outras infec\u00e7\u00f5es sexualmente transmiss\u00edveis. E como podemos lidar com esse assunto quanto a pessoa idosa? <\/p>\n\n\n\n<p>O Sa\u00fade em Foco traz uma edi\u00e7\u00e3o especial para falar o assunto, e para isso, Barbara Carvalho recebe Maria Caroline Waldrigues e Reuber Lima de Souza, professores tutores dos cursos de gerontologia da Uninter.<\/p>\n","protected":false},"excerpt":{"rendered":"<p>Dezembro Vermelho \u00e9 uma campanha que busca conscientizar quanto ao tratamento precoce e a preven\u00e7\u00e3o&#8230;<\/p>\n","protected":false},"author":3,"featured_media":33678,"comment_status":"open","ping_status":"open","sticky":false,"template":"","format":"standard","meta":[],"categories":[2790],"tags":[],"_links":{"self":[{"href":"https:\/\/www.uninter.com\/radio\/wp-json\/wp\/v2\/posts\/34602"}],"collection":[{"href":"https:\/\/www.uninter.com\/radio\/wp-json\/wp\/v2\/posts"}],"about":[{"href":"https:\/\/www.uninter.com\/radio\/wp-json\/wp\/v2\/types\/post"}],"author":[{"embeddable":true,"href":"https:\/\/www.uninter.com\/radio\/wp-json\/wp\/v2\/users\/3"}],"replies":[{"embeddable":true,"href":"https:\/\/www.uninter.com\/radio\/wp-json\/wp\/v2\/comments?post=34602"}],"version-history":[{"count":1,"href":"https:\/\/www.uninter.com\/radio\/wp-json\/wp\/v2\/posts\/34602\/revisions"}],"predecessor-version":[{"id":34604,"href":"https:\/\/www.uninter.com\/radio\/wp-json\/wp\/v2\/posts\/34602\/revisions\/34604"}],"wp:featuredmedia":[{"embeddable":true,"href":"https:\/\/www.uninter.com\/radio\/wp-json\/wp\/v2\/media\/33678"}],"wp:attachment":[{"href":"https:\/\/www.uninter.com\/radio\/wp-json\/wp\/v2\/media?parent=34602"}],"wp:term":[{"taxonomy":"category","embeddable":true,"href":"https:\/\/www.uninter.com\/radio\/wp-json\/wp\/v2\/categories?post=34602"},{"taxonomy":"post_tag","embeddable":true,"href":"https:\/\/www.uninter.com\/radio\/wp-json\/wp\/v2\/tags?post=34602"}],"curies":[{"name":"wp","href":"https:\/\/api.w.org\/{rel}","templated":true}]}}