{"id":34596,"date":"2022-12-08T15:13:38","date_gmt":"2022-12-08T18:13:38","guid":{"rendered":"https:\/\/www.uninter.com\/radio\/?p=34596"},"modified":"2022-12-08T15:13:40","modified_gmt":"2022-12-08T18:13:40","slug":"cafe-e-conhecimento-a-carreira-do-gestor-juridico-e-notarial-em-cartorios","status":"publish","type":"post","link":"https:\/\/www.uninter.com\/radio\/cafe-e-conhecimento-a-carreira-do-gestor-juridico-e-notarial-em-cartorios","title":{"rendered":"Caf\u00e9 e Conhecimento | A carreira do gestor jur\u00eddico e notarial em cart\u00f3rios"},"content":{"rendered":"\n<figure class=\"wp-block-audio\"><audio controls src=\"https:\/\/www.uninter.com\/radio\/wp-content\/uploads\/2022\/12\/cafe-e-conhecimento-30-11-2022.mp3\"><\/audio><\/figure>\n\n\n\n<p>O Caf\u00e9 e Conhecimento recebe a egressa de Servi\u00e7os Jur\u00eddicos e Notariais da Uninter Amanda Silva Costa para explicar a atua\u00e7\u00e3o deste profissional em cart\u00f3rios. <\/p>\n\n\n\n<p>Com apresenta\u00e7\u00e3o da professora Daniele Polati Farinhas.<\/p>\n","protected":false},"excerpt":{"rendered":"<p>O Caf\u00e9 e Conhecimento recebe a egressa de Servi\u00e7os Jur\u00eddicos e Notariais da Uninter Amanda&#8230;<\/p>\n","protected":false},"author":3,"featured_media":33850,"comment_status":"open","ping_status":"open","sticky":false,"template":"","format":"standard","meta":[],"categories":[2839],"tags":[],"_links":{"self":[{"href":"https:\/\/www.uninter.com\/radio\/wp-json\/wp\/v2\/posts\/34596"}],"collection":[{"href":"https:\/\/www.uninter.com\/radio\/wp-json\/wp\/v2\/posts"}],"about":[{"href":"https:\/\/www.uninter.com\/radio\/wp-json\/wp\/v2\/types\/post"}],"author":[{"embeddable":true,"href":"https:\/\/www.uninter.com\/radio\/wp-json\/wp\/v2\/users\/3"}],"replies":[{"embeddable":true,"href":"https:\/\/www.uninter.com\/radio\/wp-json\/wp\/v2\/comments?post=34596"}],"version-history":[{"count":1,"href":"https:\/\/www.uninter.com\/radio\/wp-json\/wp\/v2\/posts\/34596\/revisions"}],"predecessor-version":[{"id":34598,"href":"https:\/\/www.uninter.com\/radio\/wp-json\/wp\/v2\/posts\/34596\/revisions\/34598"}],"wp:featuredmedia":[{"embeddable":true,"href":"https:\/\/www.uninter.com\/radio\/wp-json\/wp\/v2\/media\/33850"}],"wp:attachment":[{"href":"https:\/\/www.uninter.com\/radio\/wp-json\/wp\/v2\/media?parent=34596"}],"wp:term":[{"taxonomy":"category","embeddable":true,"href":"https:\/\/www.uninter.com\/radio\/wp-json\/wp\/v2\/categories?post=34596"},{"taxonomy":"post_tag","embeddable":true,"href":"https:\/\/www.uninter.com\/radio\/wp-json\/wp\/v2\/tags?post=34596"}],"curies":[{"name":"wp","href":"https:\/\/api.w.org\/{rel}","templated":true}]}}