{"id":34590,"date":"2022-12-08T15:06:01","date_gmt":"2022-12-08T18:06:01","guid":{"rendered":"https:\/\/www.uninter.com\/radio\/?p=34590"},"modified":"2022-12-08T15:06:03","modified_gmt":"2022-12-08T18:06:03","slug":"saude-em-foco-direitos-humanos-e-a-questao-racial-no-brasil","status":"publish","type":"post","link":"https:\/\/www.uninter.com\/radio\/saude-em-foco-direitos-humanos-e-a-questao-racial-no-brasil","title":{"rendered":"Sa\u00fade em Foco | Direitos Humanos e a quest\u00e3o racial no Brasil"},"content":{"rendered":"\n<figure class=\"wp-block-audio\"><audio controls src=\"https:\/\/www.uninter.com\/radio\/wp-content\/uploads\/2022\/12\/saude-em-foco-29-11-2022.mp3\"><\/audio><\/figure>\n\n\n\n<p>Novembro \u00e9 o m\u00eas da consci\u00eancia negra no Brasil, e para finalizarmos essa \u00e9poca de conscientiza\u00e7\u00e3o, o Sa\u00fade em Foco debate sobre os Direitos Humanos e a quest\u00e3o racial no Brasil. <\/p>\n\n\n\n<p>Para a conversa, Barbara Carvalho recebe Elaine Aparecida Batista, assistente social, e Jos\u00e9 Luiz de Oliveira, professor da Uninter.<\/p>\n","protected":false},"excerpt":{"rendered":"<p>Novembro \u00e9 o m\u00eas da consci\u00eancia negra no Brasil, e para finalizarmos essa \u00e9poca de&#8230;<\/p>\n","protected":false},"author":3,"featured_media":33678,"comment_status":"open","ping_status":"open","sticky":false,"template":"","format":"standard","meta":[],"categories":[2790],"tags":[],"_links":{"self":[{"href":"https:\/\/www.uninter.com\/radio\/wp-json\/wp\/v2\/posts\/34590"}],"collection":[{"href":"https:\/\/www.uninter.com\/radio\/wp-json\/wp\/v2\/posts"}],"about":[{"href":"https:\/\/www.uninter.com\/radio\/wp-json\/wp\/v2\/types\/post"}],"author":[{"embeddable":true,"href":"https:\/\/www.uninter.com\/radio\/wp-json\/wp\/v2\/users\/3"}],"replies":[{"embeddable":true,"href":"https:\/\/www.uninter.com\/radio\/wp-json\/wp\/v2\/comments?post=34590"}],"version-history":[{"count":1,"href":"https:\/\/www.uninter.com\/radio\/wp-json\/wp\/v2\/posts\/34590\/revisions"}],"predecessor-version":[{"id":34592,"href":"https:\/\/www.uninter.com\/radio\/wp-json\/wp\/v2\/posts\/34590\/revisions\/34592"}],"wp:featuredmedia":[{"embeddable":true,"href":"https:\/\/www.uninter.com\/radio\/wp-json\/wp\/v2\/media\/33678"}],"wp:attachment":[{"href":"https:\/\/www.uninter.com\/radio\/wp-json\/wp\/v2\/media?parent=34590"}],"wp:term":[{"taxonomy":"category","embeddable":true,"href":"https:\/\/www.uninter.com\/radio\/wp-json\/wp\/v2\/categories?post=34590"},{"taxonomy":"post_tag","embeddable":true,"href":"https:\/\/www.uninter.com\/radio\/wp-json\/wp\/v2\/tags?post=34590"}],"curies":[{"name":"wp","href":"https:\/\/api.w.org\/{rel}","templated":true}]}}