{"id":34587,"date":"2022-12-08T15:02:27","date_gmt":"2022-12-08T18:02:27","guid":{"rendered":"https:\/\/www.uninter.com\/radio\/?p=34587"},"modified":"2022-12-08T15:02:29","modified_gmt":"2022-12-08T18:02:29","slug":"segredos-da-arquitetura-e-do-design-arquitetura-e-copa-prepare-se-para-o-2o-tempo","status":"publish","type":"post","link":"https:\/\/www.uninter.com\/radio\/segredos-da-arquitetura-e-do-design-arquitetura-e-copa-prepare-se-para-o-2o-tempo","title":{"rendered":"Segredos da Arquitetura e do Design | Arquitetura e Copa: prepare-se para o 2\u00ba Tempo"},"content":{"rendered":"\n<figure class=\"wp-block-audio\"><audio controls src=\"https:\/\/www.uninter.com\/radio\/wp-content\/uploads\/2022\/12\/segredos-da-arquitetura-28-11-2022.mp3\"><\/audio><\/figure>\n\n\n\n<p>A edi\u00e7\u00e3o de novembro do Segredos da Arquitetura e do Design entre novamente no clima da Copa, retratando como \u00e9 aplicada a arquitetura na competi\u00e7\u00e3o. <\/p>\n\n\n\n<p>Para a conversa, Giselle Dziura recebe Emerson Micaliski, coordenador de p\u00f3s-gradua\u00e7\u00e3o em educa\u00e7\u00e3o f\u00edsica da Uninter, e Fernando Balvedi, arquiteto e urbanista.<\/p>\n","protected":false},"excerpt":{"rendered":"<p>A edi\u00e7\u00e3o de novembro do Segredos da Arquitetura e do Design entre novamente no clima&#8230;<\/p>\n","protected":false},"author":3,"featured_media":35326,"comment_status":"open","ping_status":"open","sticky":false,"template":"","format":"standard","meta":[],"categories":[2709],"tags":[],"_links":{"self":[{"href":"https:\/\/www.uninter.com\/radio\/wp-json\/wp\/v2\/posts\/34587"}],"collection":[{"href":"https:\/\/www.uninter.com\/radio\/wp-json\/wp\/v2\/posts"}],"about":[{"href":"https:\/\/www.uninter.com\/radio\/wp-json\/wp\/v2\/types\/post"}],"author":[{"embeddable":true,"href":"https:\/\/www.uninter.com\/radio\/wp-json\/wp\/v2\/users\/3"}],"replies":[{"embeddable":true,"href":"https:\/\/www.uninter.com\/radio\/wp-json\/wp\/v2\/comments?post=34587"}],"version-history":[{"count":1,"href":"https:\/\/www.uninter.com\/radio\/wp-json\/wp\/v2\/posts\/34587\/revisions"}],"predecessor-version":[{"id":34589,"href":"https:\/\/www.uninter.com\/radio\/wp-json\/wp\/v2\/posts\/34587\/revisions\/34589"}],"wp:featuredmedia":[{"embeddable":true,"href":"https:\/\/www.uninter.com\/radio\/wp-json\/wp\/v2\/media\/35326"}],"wp:attachment":[{"href":"https:\/\/www.uninter.com\/radio\/wp-json\/wp\/v2\/media?parent=34587"}],"wp:term":[{"taxonomy":"category","embeddable":true,"href":"https:\/\/www.uninter.com\/radio\/wp-json\/wp\/v2\/categories?post=34587"},{"taxonomy":"post_tag","embeddable":true,"href":"https:\/\/www.uninter.com\/radio\/wp-json\/wp\/v2\/tags?post=34587"}],"curies":[{"name":"wp","href":"https:\/\/api.w.org\/{rel}","templated":true}]}}