{"id":34584,"date":"2022-12-08T14:56:12","date_gmt":"2022-12-08T17:56:12","guid":{"rendered":"https:\/\/www.uninter.com\/radio\/?p=34584"},"modified":"2022-12-08T14:56:13","modified_gmt":"2022-12-08T17:56:13","slug":"pesquisa-ai-os-direitos-humanos-no-jornalismo","status":"publish","type":"post","link":"https:\/\/www.uninter.com\/radio\/pesquisa-ai-os-direitos-humanos-no-jornalismo","title":{"rendered":"Pesquisa A\u00ed! | Os direitos humanos no jornalismo"},"content":{"rendered":"\n<figure class=\"wp-block-audio\"><audio controls src=\"https:\/\/www.uninter.com\/radio\/wp-content\/uploads\/2022\/12\/pesquisa-ai-28-11-2022.mp3\"><\/audio><\/figure>\n\n\n\n<p>O jornalismo \u00e9 uma importante ferramenta na preserva\u00e7\u00e3o dos direitos humanos e na den\u00fancia de suas viola\u00e7\u00f5es. Compreender como a imprensa opera esse aspecto humano \u00e9 o tema do Pesquisa A\u00ed!. <\/p>\n\n\n\n<p>M\u00e1ira Nunes e Renata Cristina recebem a jornalista Jaqueline Deina para o bate-papo aqui na R\u00e1dio Uninter, a r\u00e1dio que toca conhecimento.<\/p>\n","protected":false},"excerpt":{"rendered":"<p>O jornalismo \u00e9 uma importante ferramenta na preserva\u00e7\u00e3o dos direitos humanos e na den\u00fancia de&#8230;<\/p>\n","protected":false},"author":3,"featured_media":34539,"comment_status":"open","ping_status":"open","sticky":false,"template":"","format":"standard","meta":[],"categories":[2842],"tags":[],"_links":{"self":[{"href":"https:\/\/www.uninter.com\/radio\/wp-json\/wp\/v2\/posts\/34584"}],"collection":[{"href":"https:\/\/www.uninter.com\/radio\/wp-json\/wp\/v2\/posts"}],"about":[{"href":"https:\/\/www.uninter.com\/radio\/wp-json\/wp\/v2\/types\/post"}],"author":[{"embeddable":true,"href":"https:\/\/www.uninter.com\/radio\/wp-json\/wp\/v2\/users\/3"}],"replies":[{"embeddable":true,"href":"https:\/\/www.uninter.com\/radio\/wp-json\/wp\/v2\/comments?post=34584"}],"version-history":[{"count":1,"href":"https:\/\/www.uninter.com\/radio\/wp-json\/wp\/v2\/posts\/34584\/revisions"}],"predecessor-version":[{"id":34586,"href":"https:\/\/www.uninter.com\/radio\/wp-json\/wp\/v2\/posts\/34584\/revisions\/34586"}],"wp:featuredmedia":[{"embeddable":true,"href":"https:\/\/www.uninter.com\/radio\/wp-json\/wp\/v2\/media\/34539"}],"wp:attachment":[{"href":"https:\/\/www.uninter.com\/radio\/wp-json\/wp\/v2\/media?parent=34584"}],"wp:term":[{"taxonomy":"category","embeddable":true,"href":"https:\/\/www.uninter.com\/radio\/wp-json\/wp\/v2\/categories?post=34584"},{"taxonomy":"post_tag","embeddable":true,"href":"https:\/\/www.uninter.com\/radio\/wp-json\/wp\/v2\/tags?post=34584"}],"curies":[{"name":"wp","href":"https:\/\/api.w.org\/{rel}","templated":true}]}}