{"id":34578,"date":"2022-12-08T14:48:15","date_gmt":"2022-12-08T17:48:15","guid":{"rendered":"https:\/\/www.uninter.com\/radio\/?p=34578"},"modified":"2022-12-08T14:48:17","modified_gmt":"2022-12-08T17:48:17","slug":"talento-em-foco-vagas-temporarias-de-fim-de-ano","status":"publish","type":"post","link":"https:\/\/www.uninter.com\/radio\/talento-em-foco-vagas-temporarias-de-fim-de-ano","title":{"rendered":"Talento em Foco | Vagas tempor\u00e1rias de fim de ano"},"content":{"rendered":"\n<figure class=\"wp-block-audio\"><audio controls src=\"https:\/\/www.uninter.com\/radio\/wp-content\/uploads\/2022\/12\/talento-em-foco-28-11-2022.mp3\"><\/audio><\/figure>\n\n\n\n<p>O com\u00e9rcio aquece com o fim de ano, e a grande demanda por atendimentos e servi\u00e7os exige que as empresas busquem profissionais alternativos para essas fun\u00e7\u00f5es. <\/p>\n\n\n\n<p>A cria\u00e7\u00e3o de vagas tempor\u00e1rias para esse per\u00edodo e como supri-las \u00e9 o tema do Talento em Foco. \u00c9rika Lotz e Evandro Tosin recebem o coordenador de desenvolvimento empresarial do Fecom\u00e9rcio\/PR, Rodrigo Schmidt, para o bate-papo.<\/p>\n","protected":false},"excerpt":{"rendered":"<p>O com\u00e9rcio aquece com o fim de ano, e a grande demanda por atendimentos e&#8230;<\/p>\n","protected":false},"author":3,"featured_media":31128,"comment_status":"open","ping_status":"open","sticky":false,"template":"","format":"standard","meta":[],"categories":[2723],"tags":[],"_links":{"self":[{"href":"https:\/\/www.uninter.com\/radio\/wp-json\/wp\/v2\/posts\/34578"}],"collection":[{"href":"https:\/\/www.uninter.com\/radio\/wp-json\/wp\/v2\/posts"}],"about":[{"href":"https:\/\/www.uninter.com\/radio\/wp-json\/wp\/v2\/types\/post"}],"author":[{"embeddable":true,"href":"https:\/\/www.uninter.com\/radio\/wp-json\/wp\/v2\/users\/3"}],"replies":[{"embeddable":true,"href":"https:\/\/www.uninter.com\/radio\/wp-json\/wp\/v2\/comments?post=34578"}],"version-history":[{"count":1,"href":"https:\/\/www.uninter.com\/radio\/wp-json\/wp\/v2\/posts\/34578\/revisions"}],"predecessor-version":[{"id":34580,"href":"https:\/\/www.uninter.com\/radio\/wp-json\/wp\/v2\/posts\/34578\/revisions\/34580"}],"wp:featuredmedia":[{"embeddable":true,"href":"https:\/\/www.uninter.com\/radio\/wp-json\/wp\/v2\/media\/31128"}],"wp:attachment":[{"href":"https:\/\/www.uninter.com\/radio\/wp-json\/wp\/v2\/media?parent=34578"}],"wp:term":[{"taxonomy":"category","embeddable":true,"href":"https:\/\/www.uninter.com\/radio\/wp-json\/wp\/v2\/categories?post=34578"},{"taxonomy":"post_tag","embeddable":true,"href":"https:\/\/www.uninter.com\/radio\/wp-json\/wp\/v2\/tags?post=34578"}],"curies":[{"name":"wp","href":"https:\/\/api.w.org\/{rel}","templated":true}]}}