{"id":34565,"date":"2022-12-06T16:53:59","date_gmt":"2022-12-06T19:53:59","guid":{"rendered":"https:\/\/www.uninter.com\/radio\/?p=34565"},"modified":"2022-12-06T16:54:02","modified_gmt":"2022-12-06T19:54:02","slug":"chave-interdisciplinar-estatuto-das-cidades-relevancia-para-o-planejamento-urbano","status":"publish","type":"post","link":"https:\/\/www.uninter.com\/radio\/chave-interdisciplinar-estatuto-das-cidades-relevancia-para-o-planejamento-urbano","title":{"rendered":"Chave Interdisciplinar | Estatuto das Cidades: relev\u00e2ncia para o planejamento urbano"},"content":{"rendered":"\n<figure class=\"wp-block-audio\"><audio controls src=\"https:\/\/www.uninter.com\/radio\/wp-content\/uploads\/2022\/12\/chave-24-11-2022.mp3\"><\/audio><\/figure>\n\n\n\n<p>Nesta edi\u00e7\u00e3o do programa Chave Interdisciplinar, vamos propor o debate cr\u00edtico sobre o Estatuto da Cidade e sua contribui\u00e7\u00e3o para os gestores p\u00fablicos no planejamento urbano e na melhoria da qualidade de vida das pessoas. <\/p>\n\n\n\n<p>Para isso, contamos com a presen\u00e7a dos professores Andr\u00e9 Francisco Matsuno da Frota, Ivandra Alves Ribeiro e Renata A. Garbossa Silva.<\/p>\n","protected":false},"excerpt":{"rendered":"<p>Nesta edi\u00e7\u00e3o do programa Chave Interdisciplinar, vamos propor o debate cr\u00edtico sobre o Estatuto da&#8230;<\/p>\n","protected":false},"author":3,"featured_media":33668,"comment_status":"open","ping_status":"open","sticky":false,"template":"","format":"standard","meta":[],"categories":[2735],"tags":[],"_links":{"self":[{"href":"https:\/\/www.uninter.com\/radio\/wp-json\/wp\/v2\/posts\/34565"}],"collection":[{"href":"https:\/\/www.uninter.com\/radio\/wp-json\/wp\/v2\/posts"}],"about":[{"href":"https:\/\/www.uninter.com\/radio\/wp-json\/wp\/v2\/types\/post"}],"author":[{"embeddable":true,"href":"https:\/\/www.uninter.com\/radio\/wp-json\/wp\/v2\/users\/3"}],"replies":[{"embeddable":true,"href":"https:\/\/www.uninter.com\/radio\/wp-json\/wp\/v2\/comments?post=34565"}],"version-history":[{"count":1,"href":"https:\/\/www.uninter.com\/radio\/wp-json\/wp\/v2\/posts\/34565\/revisions"}],"predecessor-version":[{"id":34568,"href":"https:\/\/www.uninter.com\/radio\/wp-json\/wp\/v2\/posts\/34565\/revisions\/34568"}],"wp:featuredmedia":[{"embeddable":true,"href":"https:\/\/www.uninter.com\/radio\/wp-json\/wp\/v2\/media\/33668"}],"wp:attachment":[{"href":"https:\/\/www.uninter.com\/radio\/wp-json\/wp\/v2\/media?parent=34565"}],"wp:term":[{"taxonomy":"category","embeddable":true,"href":"https:\/\/www.uninter.com\/radio\/wp-json\/wp\/v2\/categories?post=34565"},{"taxonomy":"post_tag","embeddable":true,"href":"https:\/\/www.uninter.com\/radio\/wp-json\/wp\/v2\/tags?post=34565"}],"curies":[{"name":"wp","href":"https:\/\/api.w.org\/{rel}","templated":true}]}}