{"id":34554,"date":"2022-12-06T16:41:54","date_gmt":"2022-12-06T19:41:54","guid":{"rendered":"https:\/\/www.uninter.com\/radio\/?p=34554"},"modified":"2022-12-06T16:41:56","modified_gmt":"2022-12-06T19:41:56","slug":"saude-em-foco-comemorando-a-biomedicina","status":"publish","type":"post","link":"https:\/\/www.uninter.com\/radio\/saude-em-foco-comemorando-a-biomedicina","title":{"rendered":"Sa\u00fade em Foco | Comemorando a Biomedicina!"},"content":{"rendered":"\n<figure class=\"wp-block-audio\"><audio controls src=\"blob:https:\/\/www.uninter.com\/ea5c2fac-2bab-420d-8250-ad6f22d86b2d\"><\/audio><\/figure>\n\n\n\n<p>No dia 20 de novembro comemoramos o Dia do Biom\u00e9dico, e na edi\u00e7\u00e3o desta semana do Sa\u00fade em Foco, temos um programa inteiro dedicado a essa \u00e1rea. <\/p>\n\n\n\n<p>Para conversa, Barbara Carvalho recebe o coordenador do curso de biomedicina da Uninter, Ben\u00edsio Ferreira.<\/p>\n","protected":false},"excerpt":{"rendered":"<p>No dia 20 de novembro comemoramos o Dia do Biom\u00e9dico, e na edi\u00e7\u00e3o desta semana&#8230;<\/p>\n","protected":false},"author":3,"featured_media":33678,"comment_status":"open","ping_status":"open","sticky":false,"template":"","format":"standard","meta":[],"categories":[2790],"tags":[],"_links":{"self":[{"href":"https:\/\/www.uninter.com\/radio\/wp-json\/wp\/v2\/posts\/34554"}],"collection":[{"href":"https:\/\/www.uninter.com\/radio\/wp-json\/wp\/v2\/posts"}],"about":[{"href":"https:\/\/www.uninter.com\/radio\/wp-json\/wp\/v2\/types\/post"}],"author":[{"embeddable":true,"href":"https:\/\/www.uninter.com\/radio\/wp-json\/wp\/v2\/users\/3"}],"replies":[{"embeddable":true,"href":"https:\/\/www.uninter.com\/radio\/wp-json\/wp\/v2\/comments?post=34554"}],"version-history":[{"count":1,"href":"https:\/\/www.uninter.com\/radio\/wp-json\/wp\/v2\/posts\/34554\/revisions"}],"predecessor-version":[{"id":34555,"href":"https:\/\/www.uninter.com\/radio\/wp-json\/wp\/v2\/posts\/34554\/revisions\/34555"}],"wp:featuredmedia":[{"embeddable":true,"href":"https:\/\/www.uninter.com\/radio\/wp-json\/wp\/v2\/media\/33678"}],"wp:attachment":[{"href":"https:\/\/www.uninter.com\/radio\/wp-json\/wp\/v2\/media?parent=34554"}],"wp:term":[{"taxonomy":"category","embeddable":true,"href":"https:\/\/www.uninter.com\/radio\/wp-json\/wp\/v2\/categories?post=34554"},{"taxonomy":"post_tag","embeddable":true,"href":"https:\/\/www.uninter.com\/radio\/wp-json\/wp\/v2\/tags?post=34554"}],"curies":[{"name":"wp","href":"https:\/\/api.w.org\/{rel}","templated":true}]}}