{"id":34547,"date":"2022-12-06T16:35:12","date_gmt":"2022-12-06T19:35:12","guid":{"rendered":"https:\/\/www.uninter.com\/radio\/?p=34547"},"modified":"2022-12-06T16:35:14","modified_gmt":"2022-12-06T19:35:14","slug":"talento-em-foco-empreendedorismo-social","status":"publish","type":"post","link":"https:\/\/www.uninter.com\/radio\/talento-em-foco-empreendedorismo-social","title":{"rendered":"Talento em Foco | Empreendedorismo social"},"content":{"rendered":"\n<figure class=\"wp-block-audio\"><audio controls src=\"blob:https:\/\/www.uninter.com\/b6f2ffbe-f1a0-4617-af4c-f36cb543e27a\"><\/audio><\/figure>\n\n\n\n<p>O empreendedorismo social \u00e9 voltado \u00e0 constru\u00e7\u00e3o de neg\u00f3cios com impacto de melhorias na sociedade, com solu\u00e7\u00f5es que geram mudan\u00e7as na realidade de pessoas e comunidades vulner\u00e1veis. <\/p>\n\n\n\n<p>Para entender mais do tema e exemplificar a atua\u00e7\u00e3o neste ramo, \u00c9rika Lotz e Evandro Tosin recebem a assessora de comunica\u00e7\u00e3o da Alian\u00e7a Empreendedora, Caroline Meira.<\/p>\n","protected":false},"excerpt":{"rendered":"<p>O empreendedorismo social \u00e9 voltado \u00e0 constru\u00e7\u00e3o de neg\u00f3cios com impacto de melhorias na sociedade,&#8230;<\/p>\n","protected":false},"author":3,"featured_media":31128,"comment_status":"open","ping_status":"open","sticky":false,"template":"","format":"standard","meta":[],"categories":[2723],"tags":[],"_links":{"self":[{"href":"https:\/\/www.uninter.com\/radio\/wp-json\/wp\/v2\/posts\/34547"}],"collection":[{"href":"https:\/\/www.uninter.com\/radio\/wp-json\/wp\/v2\/posts"}],"about":[{"href":"https:\/\/www.uninter.com\/radio\/wp-json\/wp\/v2\/types\/post"}],"author":[{"embeddable":true,"href":"https:\/\/www.uninter.com\/radio\/wp-json\/wp\/v2\/users\/3"}],"replies":[{"embeddable":true,"href":"https:\/\/www.uninter.com\/radio\/wp-json\/wp\/v2\/comments?post=34547"}],"version-history":[{"count":1,"href":"https:\/\/www.uninter.com\/radio\/wp-json\/wp\/v2\/posts\/34547\/revisions"}],"predecessor-version":[{"id":34548,"href":"https:\/\/www.uninter.com\/radio\/wp-json\/wp\/v2\/posts\/34547\/revisions\/34548"}],"wp:featuredmedia":[{"embeddable":true,"href":"https:\/\/www.uninter.com\/radio\/wp-json\/wp\/v2\/media\/31128"}],"wp:attachment":[{"href":"https:\/\/www.uninter.com\/radio\/wp-json\/wp\/v2\/media?parent=34547"}],"wp:term":[{"taxonomy":"category","embeddable":true,"href":"https:\/\/www.uninter.com\/radio\/wp-json\/wp\/v2\/categories?post=34547"},{"taxonomy":"post_tag","embeddable":true,"href":"https:\/\/www.uninter.com\/radio\/wp-json\/wp\/v2\/tags?post=34547"}],"curies":[{"name":"wp","href":"https:\/\/api.w.org\/{rel}","templated":true}]}}