{"id":34542,"date":"2022-11-25T15:46:56","date_gmt":"2022-11-25T18:46:56","guid":{"rendered":"https:\/\/www.uninter.com\/radio\/?p=34542"},"modified":"2022-12-08T14:56:40","modified_gmt":"2022-12-08T17:56:40","slug":"pesquisa-ai-vozes-da-representatividade","status":"publish","type":"post","link":"https:\/\/www.uninter.com\/radio\/pesquisa-ai-vozes-da-representatividade","title":{"rendered":"Pesquisa A\u00ed! | Vozes da representatividade"},"content":{"rendered":"\n<figure class=\"wp-block-audio\"><audio controls src=\"https:\/\/www.uninter.com\/radio\/wp-content\/uploads\/2022\/11\/pesquisa-ai-21-11-2022.mp3\"><\/audio><\/figure>\n\n\n\n<p>E edi\u00e7\u00e3o da vez do programa Pesquisa A\u00ed! fala sobre a atual situa\u00e7\u00e3o da popula\u00e7\u00e3o trans no Brasil hoje. <\/p>\n\n\n\n<p>Para a conversa, Ma\u00edra Nunes e Renata recebem a jornalista Poliana Almeida e seu trabalho Vozes da representatividade &#8211; um livro-reportagem sobre a comunidade trans no Brasil. Acompanhe!<\/p>\n","protected":false},"excerpt":{"rendered":"<p>E edi\u00e7\u00e3o da vez do programa Pesquisa A\u00ed! fala sobre a atual situa\u00e7\u00e3o da popula\u00e7\u00e3o&#8230;<\/p>\n","protected":false},"author":3,"featured_media":34539,"comment_status":"open","ping_status":"open","sticky":false,"template":"","format":"standard","meta":[],"categories":[2842],"tags":[],"_links":{"self":[{"href":"https:\/\/www.uninter.com\/radio\/wp-json\/wp\/v2\/posts\/34542"}],"collection":[{"href":"https:\/\/www.uninter.com\/radio\/wp-json\/wp\/v2\/posts"}],"about":[{"href":"https:\/\/www.uninter.com\/radio\/wp-json\/wp\/v2\/types\/post"}],"author":[{"embeddable":true,"href":"https:\/\/www.uninter.com\/radio\/wp-json\/wp\/v2\/users\/3"}],"replies":[{"embeddable":true,"href":"https:\/\/www.uninter.com\/radio\/wp-json\/wp\/v2\/comments?post=34542"}],"version-history":[{"count":1,"href":"https:\/\/www.uninter.com\/radio\/wp-json\/wp\/v2\/posts\/34542\/revisions"}],"predecessor-version":[{"id":34544,"href":"https:\/\/www.uninter.com\/radio\/wp-json\/wp\/v2\/posts\/34542\/revisions\/34544"}],"wp:featuredmedia":[{"embeddable":true,"href":"https:\/\/www.uninter.com\/radio\/wp-json\/wp\/v2\/media\/34539"}],"wp:attachment":[{"href":"https:\/\/www.uninter.com\/radio\/wp-json\/wp\/v2\/media?parent=34542"}],"wp:term":[{"taxonomy":"category","embeddable":true,"href":"https:\/\/www.uninter.com\/radio\/wp-json\/wp\/v2\/categories?post=34542"},{"taxonomy":"post_tag","embeddable":true,"href":"https:\/\/www.uninter.com\/radio\/wp-json\/wp\/v2\/tags?post=34542"}],"curies":[{"name":"wp","href":"https:\/\/api.w.org\/{rel}","templated":true}]}}