{"id":34538,"date":"2022-11-25T15:38:04","date_gmt":"2022-11-25T18:38:04","guid":{"rendered":"https:\/\/www.uninter.com\/radio\/?p=34538"},"modified":"2022-12-08T14:57:02","modified_gmt":"2022-12-08T17:57:02","slug":"pesquisa-ai-minha-beleza-nao-e-efemera","status":"publish","type":"post","link":"https:\/\/www.uninter.com\/radio\/pesquisa-ai-minha-beleza-nao-e-efemera","title":{"rendered":"Pesquisa A\u00ed! | Minha beleza n\u00e3o \u00e9 ef\u00eamera"},"content":{"rendered":"\n<figure class=\"wp-block-audio\"><audio controls src=\"https:\/\/www.uninter.com\/radio\/wp-content\/uploads\/2022\/11\/pesquisa-ai-14-11-2022.mp3\"><\/audio><\/figure>\n\n\n\n<p>A superexposi\u00e7\u00e3o dos padr\u00f5es de beleza, por meio das redes sociais, tem impactado diretamente a imagem que as mulheres t\u00eam de si e, consequentemente, influenciado a autoestima e rela\u00e7\u00e3o com os pr\u00f3prios corpos, levando a casos depressivos, de ansiedade e comer transtornado.<\/p>\n\n\n\n<p>Ao mesmo tempo, surgem movimentos de resist\u00eancia que buscam a quebra dos padr\u00f5es, como o body positive (corpo livre) e o ativismo gordo, capazes de ampliar as discuss\u00f5es e formar uma rede de apoio entre as mulheres. <\/p>\n\n\n\n<p>M\u00e1ira Nunes e Renata Cristina recebem a jornalista Nayara Rosolen para comentar o assunto, na estreia do programa Pesquisa A\u00ed!<\/p>\n","protected":false},"excerpt":{"rendered":"<p>A superexposi\u00e7\u00e3o dos padr\u00f5es de beleza, por meio das redes sociais, tem impactado diretamente a&#8230;<\/p>\n","protected":false},"author":3,"featured_media":34539,"comment_status":"open","ping_status":"open","sticky":false,"template":"","format":"standard","meta":[],"categories":[2842],"tags":[],"_links":{"self":[{"href":"https:\/\/www.uninter.com\/radio\/wp-json\/wp\/v2\/posts\/34538"}],"collection":[{"href":"https:\/\/www.uninter.com\/radio\/wp-json\/wp\/v2\/posts"}],"about":[{"href":"https:\/\/www.uninter.com\/radio\/wp-json\/wp\/v2\/types\/post"}],"author":[{"embeddable":true,"href":"https:\/\/www.uninter.com\/radio\/wp-json\/wp\/v2\/users\/3"}],"replies":[{"embeddable":true,"href":"https:\/\/www.uninter.com\/radio\/wp-json\/wp\/v2\/comments?post=34538"}],"version-history":[{"count":1,"href":"https:\/\/www.uninter.com\/radio\/wp-json\/wp\/v2\/posts\/34538\/revisions"}],"predecessor-version":[{"id":34541,"href":"https:\/\/www.uninter.com\/radio\/wp-json\/wp\/v2\/posts\/34538\/revisions\/34541"}],"wp:featuredmedia":[{"embeddable":true,"href":"https:\/\/www.uninter.com\/radio\/wp-json\/wp\/v2\/media\/34539"}],"wp:attachment":[{"href":"https:\/\/www.uninter.com\/radio\/wp-json\/wp\/v2\/media?parent=34538"}],"wp:term":[{"taxonomy":"category","embeddable":true,"href":"https:\/\/www.uninter.com\/radio\/wp-json\/wp\/v2\/categories?post=34538"},{"taxonomy":"post_tag","embeddable":true,"href":"https:\/\/www.uninter.com\/radio\/wp-json\/wp\/v2\/tags?post=34538"}],"curies":[{"name":"wp","href":"https:\/\/api.w.org\/{rel}","templated":true}]}}