{"id":34527,"date":"2022-11-21T15:05:37","date_gmt":"2022-11-21T18:05:37","guid":{"rendered":"https:\/\/www.uninter.com\/radio\/?p=34527"},"modified":"2022-11-21T15:05:39","modified_gmt":"2022-11-21T18:05:39","slug":"conversa-com-o-reitor-2-700-paginas-de-saude-unica","status":"publish","type":"post","link":"https:\/\/www.uninter.com\/radio\/conversa-com-o-reitor-2-700-paginas-de-saude-unica","title":{"rendered":"Conversa com o Reitor | 2.700 p\u00e1ginas de Sa\u00fade \u00danica"},"content":{"rendered":"\n<figure class=\"wp-block-audio\"><audio controls src=\"blob:https:\/\/www.uninter.com\/0687c1b2-f090-49b7-8a65-ce1c80858802\"><\/audio><\/figure>\n\n\n\n<p>O Conversa com o Reitor aborda o superlan\u00e7amento da Escola de Sa\u00fade \u00danica com a Editora Intersaberes. S\u00e3o 12 livros e 2.700 p\u00e1ginas de conhecimento acerca da sa\u00fade \u00fanica e suas \u00e1reas. <\/p>\n\n\n\n<p>O reitor Benhur Gaio recebe o diretor da Escola de Sa\u00fade \u00danica da Uninter, Cristiano Cavei\u00e3o, a coordenadora de cursos da escola Ivana Busato e o gerente comercial da Editora Intersaberes, Felipe Bueno, para o bate-papo.<\/p>\n","protected":false},"excerpt":{"rendered":"<p>O Conversa com o Reitor aborda o superlan\u00e7amento da Escola de Sa\u00fade \u00danica com a&#8230;<\/p>\n","protected":false},"author":3,"featured_media":31088,"comment_status":"open","ping_status":"open","sticky":false,"template":"","format":"standard","meta":[],"categories":[2724],"tags":[],"_links":{"self":[{"href":"https:\/\/www.uninter.com\/radio\/wp-json\/wp\/v2\/posts\/34527"}],"collection":[{"href":"https:\/\/www.uninter.com\/radio\/wp-json\/wp\/v2\/posts"}],"about":[{"href":"https:\/\/www.uninter.com\/radio\/wp-json\/wp\/v2\/types\/post"}],"author":[{"embeddable":true,"href":"https:\/\/www.uninter.com\/radio\/wp-json\/wp\/v2\/users\/3"}],"replies":[{"embeddable":true,"href":"https:\/\/www.uninter.com\/radio\/wp-json\/wp\/v2\/comments?post=34527"}],"version-history":[{"count":1,"href":"https:\/\/www.uninter.com\/radio\/wp-json\/wp\/v2\/posts\/34527\/revisions"}],"predecessor-version":[{"id":34529,"href":"https:\/\/www.uninter.com\/radio\/wp-json\/wp\/v2\/posts\/34527\/revisions\/34529"}],"wp:featuredmedia":[{"embeddable":true,"href":"https:\/\/www.uninter.com\/radio\/wp-json\/wp\/v2\/media\/31088"}],"wp:attachment":[{"href":"https:\/\/www.uninter.com\/radio\/wp-json\/wp\/v2\/media?parent=34527"}],"wp:term":[{"taxonomy":"category","embeddable":true,"href":"https:\/\/www.uninter.com\/radio\/wp-json\/wp\/v2\/categories?post=34527"},{"taxonomy":"post_tag","embeddable":true,"href":"https:\/\/www.uninter.com\/radio\/wp-json\/wp\/v2\/tags?post=34527"}],"curies":[{"name":"wp","href":"https:\/\/api.w.org\/{rel}","templated":true}]}}