{"id":34521,"date":"2022-11-21T14:59:43","date_gmt":"2022-11-21T17:59:43","guid":{"rendered":"https:\/\/www.uninter.com\/radio\/?p=34521"},"modified":"2022-11-21T14:59:45","modified_gmt":"2022-11-21T17:59:45","slug":"chave-interdisciplinar-religiao-conflito-e-paz","status":"publish","type":"post","link":"https:\/\/www.uninter.com\/radio\/chave-interdisciplinar-religiao-conflito-e-paz","title":{"rendered":"Chave Interdisciplinar | Religi\u00e3o, conflito e paz"},"content":{"rendered":"\n<figure class=\"wp-block-audio\"><audio controls src=\"https:\/\/www.uninter.com\/radio\/wp-content\/uploads\/2022\/11\/chave-17-11-2022.mp3\"><\/audio><\/figure>\n\n\n\n<p>Todas as religi\u00f5es declaram-se a favor da paz, mas ainda em nossos dias vemos in\u00fameros conflitos.<\/p>\n\n\n\n<p>Nesta edi\u00e7\u00e3o do programa Chave Interdisciplinar vamos refletir sobre a contribui\u00e7\u00e3o das religi\u00f5es na constru\u00e7\u00e3o de uma cultura de paz e equidade na sociedade.<\/p>\n","protected":false},"excerpt":{"rendered":"<p>Todas as religi\u00f5es declaram-se a favor da paz, mas ainda em nossos dias vemos in\u00fameros&#8230;<\/p>\n","protected":false},"author":3,"featured_media":33668,"comment_status":"open","ping_status":"open","sticky":false,"template":"","format":"standard","meta":[],"categories":[2735],"tags":[],"_links":{"self":[{"href":"https:\/\/www.uninter.com\/radio\/wp-json\/wp\/v2\/posts\/34521"}],"collection":[{"href":"https:\/\/www.uninter.com\/radio\/wp-json\/wp\/v2\/posts"}],"about":[{"href":"https:\/\/www.uninter.com\/radio\/wp-json\/wp\/v2\/types\/post"}],"author":[{"embeddable":true,"href":"https:\/\/www.uninter.com\/radio\/wp-json\/wp\/v2\/users\/3"}],"replies":[{"embeddable":true,"href":"https:\/\/www.uninter.com\/radio\/wp-json\/wp\/v2\/comments?post=34521"}],"version-history":[{"count":1,"href":"https:\/\/www.uninter.com\/radio\/wp-json\/wp\/v2\/posts\/34521\/revisions"}],"predecessor-version":[{"id":34523,"href":"https:\/\/www.uninter.com\/radio\/wp-json\/wp\/v2\/posts\/34521\/revisions\/34523"}],"wp:featuredmedia":[{"embeddable":true,"href":"https:\/\/www.uninter.com\/radio\/wp-json\/wp\/v2\/media\/33668"}],"wp:attachment":[{"href":"https:\/\/www.uninter.com\/radio\/wp-json\/wp\/v2\/media?parent=34521"}],"wp:term":[{"taxonomy":"category","embeddable":true,"href":"https:\/\/www.uninter.com\/radio\/wp-json\/wp\/v2\/categories?post=34521"},{"taxonomy":"post_tag","embeddable":true,"href":"https:\/\/www.uninter.com\/radio\/wp-json\/wp\/v2\/tags?post=34521"}],"curies":[{"name":"wp","href":"https:\/\/api.w.org\/{rel}","templated":true}]}}