{"id":34515,"date":"2022-11-21T14:53:09","date_gmt":"2022-11-21T17:53:09","guid":{"rendered":"https:\/\/www.uninter.com\/radio\/?p=34515"},"modified":"2022-11-21T14:53:10","modified_gmt":"2022-11-21T17:53:10","slug":"atualidades-da-educacao-asterix-e-a-historia-nos-quadrinhos","status":"publish","type":"post","link":"https:\/\/www.uninter.com\/radio\/atualidades-da-educacao-asterix-e-a-historia-nos-quadrinhos","title":{"rendered":"Atualidades da Educa\u00e7\u00e3o | Asterix e a hist\u00f3ria nos quadrinhos"},"content":{"rendered":"\n<figure class=\"wp-block-audio\"><audio controls src=\"https:\/\/www.uninter.com\/radio\/wp-content\/uploads\/2022\/11\/atualidades-da-educacao-16-11-2022.mp3\"><\/audio><\/figure>\n\n\n\n<p>A s\u00e9rie de hist\u00f3rias em quadrinhos Asterix \u00e9 um forte \u00edcone cultural h\u00e1 mais de seis d\u00e9cadas por tratar de problem\u00e1ticas sociais contempor\u00e2neas em long\u00ednquos per\u00edodos hist\u00f3ricos. <\/p>\n\n\n\n<p>A cria\u00e7\u00e3o dos franceses Albert Uderzo e Ren\u00e9 Goscinny e sua rela\u00e7\u00e3o com os retratar hist\u00f3rico \u00e9 o tema do Atualidades da Educa\u00e7\u00e3o de hoje. Os professores Alvino Moser e Luis Fernando Lopes recebem o doutor em Hist\u00f3ria Rodrigo Ot\u00e1vio dos Santos para o bate-papo.<\/p>\n","protected":false},"excerpt":{"rendered":"<p>A s\u00e9rie de hist\u00f3rias em quadrinhos Asterix \u00e9 um forte \u00edcone cultural h\u00e1 mais de&#8230;<\/p>\n","protected":false},"author":3,"featured_media":33674,"comment_status":"open","ping_status":"open","sticky":false,"template":"","format":"standard","meta":[],"categories":[2760],"tags":[],"_links":{"self":[{"href":"https:\/\/www.uninter.com\/radio\/wp-json\/wp\/v2\/posts\/34515"}],"collection":[{"href":"https:\/\/www.uninter.com\/radio\/wp-json\/wp\/v2\/posts"}],"about":[{"href":"https:\/\/www.uninter.com\/radio\/wp-json\/wp\/v2\/types\/post"}],"author":[{"embeddable":true,"href":"https:\/\/www.uninter.com\/radio\/wp-json\/wp\/v2\/users\/3"}],"replies":[{"embeddable":true,"href":"https:\/\/www.uninter.com\/radio\/wp-json\/wp\/v2\/comments?post=34515"}],"version-history":[{"count":1,"href":"https:\/\/www.uninter.com\/radio\/wp-json\/wp\/v2\/posts\/34515\/revisions"}],"predecessor-version":[{"id":34517,"href":"https:\/\/www.uninter.com\/radio\/wp-json\/wp\/v2\/posts\/34515\/revisions\/34517"}],"wp:featuredmedia":[{"embeddable":true,"href":"https:\/\/www.uninter.com\/radio\/wp-json\/wp\/v2\/media\/33674"}],"wp:attachment":[{"href":"https:\/\/www.uninter.com\/radio\/wp-json\/wp\/v2\/media?parent=34515"}],"wp:term":[{"taxonomy":"category","embeddable":true,"href":"https:\/\/www.uninter.com\/radio\/wp-json\/wp\/v2\/categories?post=34515"},{"taxonomy":"post_tag","embeddable":true,"href":"https:\/\/www.uninter.com\/radio\/wp-json\/wp\/v2\/tags?post=34515"}],"curies":[{"name":"wp","href":"https:\/\/api.w.org\/{rel}","templated":true}]}}