{"id":34503,"date":"2022-11-21T14:37:24","date_gmt":"2022-11-21T17:37:24","guid":{"rendered":"https:\/\/www.uninter.com\/radio\/?p=34503"},"modified":"2022-11-21T14:37:25","modified_gmt":"2022-11-21T17:37:25","slug":"talento-em-foco-por-que-objetivos-que-estabelecemos-ao-fim-de-ano-nao-se-realizam","status":"publish","type":"post","link":"https:\/\/www.uninter.com\/radio\/talento-em-foco-por-que-objetivos-que-estabelecemos-ao-fim-de-ano-nao-se-realizam","title":{"rendered":"Talento em Foco | Por que objetivos que estabelecemos ao fim de ano n\u00e3o se realizam?"},"content":{"rendered":"\n<figure class=\"wp-block-audio\"><audio controls src=\"https:\/\/www.uninter.com\/radio\/wp-content\/uploads\/2022\/11\/talento-em-foco-14-11-2022.mp3\"><\/audio><\/figure>\n\n\n\n<p>Com a chegada do fim do ano, alguns dilemas se p\u00f5em diante de n\u00f3s. Um deles \u00e9 tra\u00e7ar novos objetivos para o ano seguinte e refletir sobre o que foi cumprido no ano vencido. <\/p>\n\n\n\n<p>Mas por que boa parte dessas metas n\u00e3o s\u00e3o alcan\u00e7adas ao longo de 365 dias? Como evitar os erros e conquist\u00e1-los no ano vindouro &#8211; e at\u00e9 mesmo novos objetivos? <\/p>\n\n\n\n<p>A mentora de capital humano \u00c9rika Lotz comenta o tema no Talento em Foco, com apresenta\u00e7\u00e3o de Evandro Tosin.<\/p>\n","protected":false},"excerpt":{"rendered":"<p>Com a chegada do fim do ano, alguns dilemas se p\u00f5em diante de n\u00f3s. Um&#8230;<\/p>\n","protected":false},"author":3,"featured_media":31128,"comment_status":"open","ping_status":"open","sticky":false,"template":"","format":"standard","meta":[],"categories":[2723],"tags":[],"_links":{"self":[{"href":"https:\/\/www.uninter.com\/radio\/wp-json\/wp\/v2\/posts\/34503"}],"collection":[{"href":"https:\/\/www.uninter.com\/radio\/wp-json\/wp\/v2\/posts"}],"about":[{"href":"https:\/\/www.uninter.com\/radio\/wp-json\/wp\/v2\/types\/post"}],"author":[{"embeddable":true,"href":"https:\/\/www.uninter.com\/radio\/wp-json\/wp\/v2\/users\/3"}],"replies":[{"embeddable":true,"href":"https:\/\/www.uninter.com\/radio\/wp-json\/wp\/v2\/comments?post=34503"}],"version-history":[{"count":1,"href":"https:\/\/www.uninter.com\/radio\/wp-json\/wp\/v2\/posts\/34503\/revisions"}],"predecessor-version":[{"id":34505,"href":"https:\/\/www.uninter.com\/radio\/wp-json\/wp\/v2\/posts\/34503\/revisions\/34505"}],"wp:featuredmedia":[{"embeddable":true,"href":"https:\/\/www.uninter.com\/radio\/wp-json\/wp\/v2\/media\/31128"}],"wp:attachment":[{"href":"https:\/\/www.uninter.com\/radio\/wp-json\/wp\/v2\/media?parent=34503"}],"wp:term":[{"taxonomy":"category","embeddable":true,"href":"https:\/\/www.uninter.com\/radio\/wp-json\/wp\/v2\/categories?post=34503"},{"taxonomy":"post_tag","embeddable":true,"href":"https:\/\/www.uninter.com\/radio\/wp-json\/wp\/v2\/tags?post=34503"}],"curies":[{"name":"wp","href":"https:\/\/api.w.org\/{rel}","templated":true}]}}