{"id":34497,"date":"2022-11-21T10:46:26","date_gmt":"2022-11-21T13:46:26","guid":{"rendered":"https:\/\/www.uninter.com\/radio\/?p=34497"},"modified":"2022-11-21T10:46:27","modified_gmt":"2022-11-21T13:46:27","slug":"diversos-da-pos-qual-a-relacao-da-urbanizacao-com-a-qualidade-da-agua","status":"publish","type":"post","link":"https:\/\/www.uninter.com\/radio\/diversos-da-pos-qual-a-relacao-da-urbanizacao-com-a-qualidade-da-agua","title":{"rendered":"Diversos da P\u00f3s | Qual a rela\u00e7\u00e3o da urbaniza\u00e7\u00e3o com a qualidade da \u00e1gua?"},"content":{"rendered":"\n<figure class=\"wp-block-audio\"><audio controls src=\"https:\/\/www.uninter.com\/radio\/wp-content\/uploads\/2022\/11\/diversos-da-pos-10-11-2022.mp3\"><\/audio><\/figure>\n\n\n\n<p>O Diversos da P\u00f3s debate sobre a rela\u00e7\u00e3o da urbaniza\u00e7\u00e3o com a qualidade da \u00e1gua. <\/p>\n\n\n\n<p>Para o bate-papo, M\u00e1rcia Kravetz recebe Andressa Munoz (especialista em Arquitetura Sustent\u00e1vel) e B\u00e1rbara Lima (Mestre em Ci\u00eancia e Tecnologia Ambiental).<\/p>\n","protected":false},"excerpt":{"rendered":"<p>O Diversos da P\u00f3s debate sobre a rela\u00e7\u00e3o da urbaniza\u00e7\u00e3o com a qualidade da \u00e1gua&#8230;.<\/p>\n","protected":false},"author":3,"featured_media":34178,"comment_status":"open","ping_status":"open","sticky":false,"template":"","format":"standard","meta":[],"categories":[2704],"tags":[],"_links":{"self":[{"href":"https:\/\/www.uninter.com\/radio\/wp-json\/wp\/v2\/posts\/34497"}],"collection":[{"href":"https:\/\/www.uninter.com\/radio\/wp-json\/wp\/v2\/posts"}],"about":[{"href":"https:\/\/www.uninter.com\/radio\/wp-json\/wp\/v2\/types\/post"}],"author":[{"embeddable":true,"href":"https:\/\/www.uninter.com\/radio\/wp-json\/wp\/v2\/users\/3"}],"replies":[{"embeddable":true,"href":"https:\/\/www.uninter.com\/radio\/wp-json\/wp\/v2\/comments?post=34497"}],"version-history":[{"count":1,"href":"https:\/\/www.uninter.com\/radio\/wp-json\/wp\/v2\/posts\/34497\/revisions"}],"predecessor-version":[{"id":34499,"href":"https:\/\/www.uninter.com\/radio\/wp-json\/wp\/v2\/posts\/34497\/revisions\/34499"}],"wp:featuredmedia":[{"embeddable":true,"href":"https:\/\/www.uninter.com\/radio\/wp-json\/wp\/v2\/media\/34178"}],"wp:attachment":[{"href":"https:\/\/www.uninter.com\/radio\/wp-json\/wp\/v2\/media?parent=34497"}],"wp:term":[{"taxonomy":"category","embeddable":true,"href":"https:\/\/www.uninter.com\/radio\/wp-json\/wp\/v2\/categories?post=34497"},{"taxonomy":"post_tag","embeddable":true,"href":"https:\/\/www.uninter.com\/radio\/wp-json\/wp\/v2\/tags?post=34497"}],"curies":[{"name":"wp","href":"https:\/\/api.w.org\/{rel}","templated":true}]}}