{"id":34487,"date":"2022-11-21T10:32:11","date_gmt":"2022-11-21T13:32:11","guid":{"rendered":"https:\/\/www.uninter.com\/radio\/?p=34487"},"modified":"2022-11-21T10:32:13","modified_gmt":"2022-11-21T13:32:13","slug":"sua-carreira-design-editorial","status":"publish","type":"post","link":"https:\/\/www.uninter.com\/radio\/sua-carreira-design-editorial","title":{"rendered":"Sua Carreira | Design editorial"},"content":{"rendered":"\n<figure class=\"wp-block-audio\"><audio controls src=\"https:\/\/www.uninter.com\/radio\/wp-content\/uploads\/2022\/11\/sua-carreira-10-11-2022.mp3\"><\/audio><\/figure>\n\n\n\n<p>Jornais, livros, revistas, sites, blogs&#8230; Todos esses meios dependem do design editorial para a clareza e o compartilhamento de suas informa\u00e7\u00f5es para quem os consome. <\/p>\n\n\n\n<p>Evandro Tosin recebe o coordenador do curso de Design Editorial da Uninter, Fabiano de Miranda, para o Sua Carreira, destacando a atua\u00e7\u00e3o do profissional no mercado de trabalho e as compet\u00eancias desenvolvidas durante a gradua\u00e7\u00e3o.<\/p>\n","protected":false},"excerpt":{"rendered":"<p>Jornais, livros, revistas, sites, blogs&#8230; Todos esses meios dependem do design editorial para a clareza&#8230;<\/p>\n","protected":false},"author":3,"featured_media":31092,"comment_status":"open","ping_status":"open","sticky":false,"template":"","format":"standard","meta":[],"categories":[2711],"tags":[],"_links":{"self":[{"href":"https:\/\/www.uninter.com\/radio\/wp-json\/wp\/v2\/posts\/34487"}],"collection":[{"href":"https:\/\/www.uninter.com\/radio\/wp-json\/wp\/v2\/posts"}],"about":[{"href":"https:\/\/www.uninter.com\/radio\/wp-json\/wp\/v2\/types\/post"}],"author":[{"embeddable":true,"href":"https:\/\/www.uninter.com\/radio\/wp-json\/wp\/v2\/users\/3"}],"replies":[{"embeddable":true,"href":"https:\/\/www.uninter.com\/radio\/wp-json\/wp\/v2\/comments?post=34487"}],"version-history":[{"count":1,"href":"https:\/\/www.uninter.com\/radio\/wp-json\/wp\/v2\/posts\/34487\/revisions"}],"predecessor-version":[{"id":34489,"href":"https:\/\/www.uninter.com\/radio\/wp-json\/wp\/v2\/posts\/34487\/revisions\/34489"}],"wp:featuredmedia":[{"embeddable":true,"href":"https:\/\/www.uninter.com\/radio\/wp-json\/wp\/v2\/media\/31092"}],"wp:attachment":[{"href":"https:\/\/www.uninter.com\/radio\/wp-json\/wp\/v2\/media?parent=34487"}],"wp:term":[{"taxonomy":"category","embeddable":true,"href":"https:\/\/www.uninter.com\/radio\/wp-json\/wp\/v2\/categories?post=34487"},{"taxonomy":"post_tag","embeddable":true,"href":"https:\/\/www.uninter.com\/radio\/wp-json\/wp\/v2\/tags?post=34487"}],"curies":[{"name":"wp","href":"https:\/\/api.w.org\/{rel}","templated":true}]}}