{"id":34484,"date":"2022-11-21T10:28:41","date_gmt":"2022-11-21T13:28:41","guid":{"rendered":"https:\/\/www.uninter.com\/radio\/?p=34484"},"modified":"2022-11-21T10:28:43","modified_gmt":"2022-11-21T13:28:43","slug":"hipermidia-comunicacao-e-a-copa","status":"publish","type":"post","link":"https:\/\/www.uninter.com\/radio\/hipermidia-comunicacao-e-a-copa","title":{"rendered":"Hiperm\u00eddia | Comunica\u00e7\u00e3o e a Copa"},"content":{"rendered":"\n<figure class=\"wp-block-audio\"><audio controls src=\"https:\/\/www.uninter.com\/radio\/wp-content\/uploads\/2022\/11\/hipermidia-09-11-2022.mp3\"><\/audio><\/figure>\n\n\n\n<p>2022 \u00e9 ano de Copa, evento que impacta diversos da economia, e com a \u00e1rea de comunica\u00e7\u00e3o n\u00e3o \u00e9 diferente! <\/p>\n\n\n\n<p>No Hiperm\u00eddia de novembro vamos falar sobre &#8220;Comunica\u00e7\u00e3o e a Copa&#8221;, e para o bate-papo, Edna Chimenes e Cl\u00f3vis Teixeira Filho recebem o coordenador da \u00e1rea de p\u00f3s-gradua\u00e7\u00e3o em educa\u00e7\u00e3o f\u00edsica da Uninter, Emerson Micaliski.<\/p>\n","protected":false},"excerpt":{"rendered":"<p>2022 \u00e9 ano de Copa, evento que impacta diversos da economia, e com a \u00e1rea&#8230;<\/p>\n","protected":false},"author":3,"featured_media":33720,"comment_status":"open","ping_status":"open","sticky":false,"template":"","format":"standard","meta":[],"categories":[2765],"tags":[],"_links":{"self":[{"href":"https:\/\/www.uninter.com\/radio\/wp-json\/wp\/v2\/posts\/34484"}],"collection":[{"href":"https:\/\/www.uninter.com\/radio\/wp-json\/wp\/v2\/posts"}],"about":[{"href":"https:\/\/www.uninter.com\/radio\/wp-json\/wp\/v2\/types\/post"}],"author":[{"embeddable":true,"href":"https:\/\/www.uninter.com\/radio\/wp-json\/wp\/v2\/users\/3"}],"replies":[{"embeddable":true,"href":"https:\/\/www.uninter.com\/radio\/wp-json\/wp\/v2\/comments?post=34484"}],"version-history":[{"count":1,"href":"https:\/\/www.uninter.com\/radio\/wp-json\/wp\/v2\/posts\/34484\/revisions"}],"predecessor-version":[{"id":34486,"href":"https:\/\/www.uninter.com\/radio\/wp-json\/wp\/v2\/posts\/34484\/revisions\/34486"}],"wp:featuredmedia":[{"embeddable":true,"href":"https:\/\/www.uninter.com\/radio\/wp-json\/wp\/v2\/media\/33720"}],"wp:attachment":[{"href":"https:\/\/www.uninter.com\/radio\/wp-json\/wp\/v2\/media?parent=34484"}],"wp:term":[{"taxonomy":"category","embeddable":true,"href":"https:\/\/www.uninter.com\/radio\/wp-json\/wp\/v2\/categories?post=34484"},{"taxonomy":"post_tag","embeddable":true,"href":"https:\/\/www.uninter.com\/radio\/wp-json\/wp\/v2\/tags?post=34484"}],"curies":[{"name":"wp","href":"https:\/\/api.w.org\/{rel}","templated":true}]}}