{"id":34475,"date":"2022-11-21T10:19:23","date_gmt":"2022-11-21T13:19:23","guid":{"rendered":"https:\/\/www.uninter.com\/radio\/?p=34475"},"modified":"2022-11-21T10:19:25","modified_gmt":"2022-11-21T13:19:25","slug":"papo-castico-o-racismo-na-ponta-da-lingua","status":"publish","type":"post","link":"https:\/\/www.uninter.com\/radio\/papo-castico-o-racismo-na-ponta-da-lingua","title":{"rendered":"Papo Casti\u00e7o | O racismo na ponta da l\u00edngua"},"content":{"rendered":"\n<figure class=\"wp-block-audio\"><audio controls src=\"https:\/\/www.uninter.com\/radio\/wp-content\/uploads\/2022\/11\/papo-castico-09-11-2022.mp3\"><\/audio><\/figure>\n\n\n\n<p>A l\u00edngua portuguesa \u00e9 permeada de express\u00f5es e falas racistas. De modo intencional ou n\u00e3o, as ofensas mascaradas ou expl\u00edcitas de cada uma delas s\u00e3o carregadas de contextualiza\u00e7\u00f5es hist\u00f3ricas e sociais. <\/p>\n\n\n\n<p>Entender como essas falas se constru\u00edram e ainda hoje est\u00e3o perpetuadas em falas do dia a dia s\u00e3o o debate do Papo Casti\u00e7o. Sandy Lylia da Silva recebe a doutora em Estudos Lingu\u00edsticos Maristela Gripp para o bate-papo. <\/p>\n","protected":false},"excerpt":{"rendered":"<p>A l\u00edngua portuguesa \u00e9 permeada de express\u00f5es e falas racistas. De modo intencional ou n\u00e3o,&#8230;<\/p>\n","protected":false},"author":3,"featured_media":34252,"comment_status":"open","ping_status":"open","sticky":false,"template":"","format":"standard","meta":[],"categories":[2841],"tags":[],"_links":{"self":[{"href":"https:\/\/www.uninter.com\/radio\/wp-json\/wp\/v2\/posts\/34475"}],"collection":[{"href":"https:\/\/www.uninter.com\/radio\/wp-json\/wp\/v2\/posts"}],"about":[{"href":"https:\/\/www.uninter.com\/radio\/wp-json\/wp\/v2\/types\/post"}],"author":[{"embeddable":true,"href":"https:\/\/www.uninter.com\/radio\/wp-json\/wp\/v2\/users\/3"}],"replies":[{"embeddable":true,"href":"https:\/\/www.uninter.com\/radio\/wp-json\/wp\/v2\/comments?post=34475"}],"version-history":[{"count":1,"href":"https:\/\/www.uninter.com\/radio\/wp-json\/wp\/v2\/posts\/34475\/revisions"}],"predecessor-version":[{"id":34477,"href":"https:\/\/www.uninter.com\/radio\/wp-json\/wp\/v2\/posts\/34475\/revisions\/34477"}],"wp:featuredmedia":[{"embeddable":true,"href":"https:\/\/www.uninter.com\/radio\/wp-json\/wp\/v2\/media\/34252"}],"wp:attachment":[{"href":"https:\/\/www.uninter.com\/radio\/wp-json\/wp\/v2\/media?parent=34475"}],"wp:term":[{"taxonomy":"category","embeddable":true,"href":"https:\/\/www.uninter.com\/radio\/wp-json\/wp\/v2\/categories?post=34475"},{"taxonomy":"post_tag","embeddable":true,"href":"https:\/\/www.uninter.com\/radio\/wp-json\/wp\/v2\/tags?post=34475"}],"curies":[{"name":"wp","href":"https:\/\/api.w.org\/{rel}","templated":true}]}}