{"id":34469,"date":"2022-11-21T10:10:16","date_gmt":"2022-11-21T13:10:16","guid":{"rendered":"https:\/\/www.uninter.com\/radio\/?p=34469"},"modified":"2022-11-21T10:10:18","modified_gmt":"2022-11-21T13:10:18","slug":"saude-em-foco-a-importancia-do-ods-6-para-a-saude-unica","status":"publish","type":"post","link":"https:\/\/www.uninter.com\/radio\/saude-em-foco-a-importancia-do-ods-6-para-a-saude-unica","title":{"rendered":"Sa\u00fade em Foco | A import\u00e2ncia do ODS 6 para a sa\u00fade \u00fanica"},"content":{"rendered":"\n<figure class=\"wp-block-audio\"><audio controls src=\"https:\/\/www.uninter.com\/radio\/wp-content\/uploads\/2022\/11\/saude-em-foco-08-11-2022.mp3\"><\/audio><\/figure>\n\n\n\n<p>O Objetivo de Desenvolvimento Sustent\u00e1vel (ODS) 6 busca garantir disponibilidade e gest\u00e3o sustent\u00e1vel de \u00e1gua e saneamento para todos. <\/p>\n\n\n\n<p>O Sa\u00fade em Foco parte desse olhar para a analisar a import\u00e2ncia da meta para a sa\u00fade \u00fanica, que preconiza as sa\u00fades humana, animal e ambiental sob o mesmo prisma. <\/p>\n\n\n\n<p>O programa conta com a apresenta\u00e7\u00e3o de Barbara Carvalho e participa\u00e7\u00e3o dos professores Augusto Lima da Silveira e Andr\u00e9 Pelanda.<\/p>\n","protected":false},"excerpt":{"rendered":"<p>O Objetivo de Desenvolvimento Sustent\u00e1vel (ODS) 6 busca garantir disponibilidade e gest\u00e3o sustent\u00e1vel de \u00e1gua&#8230;<\/p>\n","protected":false},"author":3,"featured_media":33678,"comment_status":"open","ping_status":"open","sticky":false,"template":"","format":"standard","meta":[],"categories":[2790],"tags":[],"_links":{"self":[{"href":"https:\/\/www.uninter.com\/radio\/wp-json\/wp\/v2\/posts\/34469"}],"collection":[{"href":"https:\/\/www.uninter.com\/radio\/wp-json\/wp\/v2\/posts"}],"about":[{"href":"https:\/\/www.uninter.com\/radio\/wp-json\/wp\/v2\/types\/post"}],"author":[{"embeddable":true,"href":"https:\/\/www.uninter.com\/radio\/wp-json\/wp\/v2\/users\/3"}],"replies":[{"embeddable":true,"href":"https:\/\/www.uninter.com\/radio\/wp-json\/wp\/v2\/comments?post=34469"}],"version-history":[{"count":1,"href":"https:\/\/www.uninter.com\/radio\/wp-json\/wp\/v2\/posts\/34469\/revisions"}],"predecessor-version":[{"id":34471,"href":"https:\/\/www.uninter.com\/radio\/wp-json\/wp\/v2\/posts\/34469\/revisions\/34471"}],"wp:featuredmedia":[{"embeddable":true,"href":"https:\/\/www.uninter.com\/radio\/wp-json\/wp\/v2\/media\/33678"}],"wp:attachment":[{"href":"https:\/\/www.uninter.com\/radio\/wp-json\/wp\/v2\/media?parent=34469"}],"wp:term":[{"taxonomy":"category","embeddable":true,"href":"https:\/\/www.uninter.com\/radio\/wp-json\/wp\/v2\/categories?post=34469"},{"taxonomy":"post_tag","embeddable":true,"href":"https:\/\/www.uninter.com\/radio\/wp-json\/wp\/v2\/tags?post=34469"}],"curies":[{"name":"wp","href":"https:\/\/api.w.org\/{rel}","templated":true}]}}