{"id":34460,"date":"2022-11-21T09:43:11","date_gmt":"2022-11-21T12:43:11","guid":{"rendered":"https:\/\/www.uninter.com\/radio\/?p=34460"},"modified":"2022-11-21T09:43:12","modified_gmt":"2022-11-21T12:43:12","slug":"talento-em-foco-design-thinking-no-mundo-dos-negocios","status":"publish","type":"post","link":"https:\/\/www.uninter.com\/radio\/talento-em-foco-design-thinking-no-mundo-dos-negocios","title":{"rendered":"Talento em Foco | Design Thinking no mundo dos neg\u00f3cios"},"content":{"rendered":"\n<figure class=\"wp-block-audio\"><audio controls src=\"https:\/\/www.uninter.com\/radio\/wp-content\/uploads\/2022\/11\/talento-em-foco-07-11-2022.mp3\"><\/audio><\/figure>\n\n\n\n<p>O Design Thinking \u00e9 um m\u00e9todo voltado a solu\u00e7\u00e3o de problemas, e o Talento em Foco retrata como ele pode ser utilizado no mundo dos neg\u00f3cios. <\/p>\n\n\n\n<p>Para a conversa, Evandro Tosin e \u00c9rika Lotz recebem Gl\u00e1ucia de Salles Ferro, Doutora em design. Acompanhe.<\/p>\n","protected":false},"excerpt":{"rendered":"<p>O Design Thinking \u00e9 um m\u00e9todo voltado a solu\u00e7\u00e3o de problemas, e o Talento em&#8230;<\/p>\n","protected":false},"author":3,"featured_media":31128,"comment_status":"open","ping_status":"open","sticky":false,"template":"","format":"standard","meta":[],"categories":[2723],"tags":[],"_links":{"self":[{"href":"https:\/\/www.uninter.com\/radio\/wp-json\/wp\/v2\/posts\/34460"}],"collection":[{"href":"https:\/\/www.uninter.com\/radio\/wp-json\/wp\/v2\/posts"}],"about":[{"href":"https:\/\/www.uninter.com\/radio\/wp-json\/wp\/v2\/types\/post"}],"author":[{"embeddable":true,"href":"https:\/\/www.uninter.com\/radio\/wp-json\/wp\/v2\/users\/3"}],"replies":[{"embeddable":true,"href":"https:\/\/www.uninter.com\/radio\/wp-json\/wp\/v2\/comments?post=34460"}],"version-history":[{"count":1,"href":"https:\/\/www.uninter.com\/radio\/wp-json\/wp\/v2\/posts\/34460\/revisions"}],"predecessor-version":[{"id":34462,"href":"https:\/\/www.uninter.com\/radio\/wp-json\/wp\/v2\/posts\/34460\/revisions\/34462"}],"wp:featuredmedia":[{"embeddable":true,"href":"https:\/\/www.uninter.com\/radio\/wp-json\/wp\/v2\/media\/31128"}],"wp:attachment":[{"href":"https:\/\/www.uninter.com\/radio\/wp-json\/wp\/v2\/media?parent=34460"}],"wp:term":[{"taxonomy":"category","embeddable":true,"href":"https:\/\/www.uninter.com\/radio\/wp-json\/wp\/v2\/categories?post=34460"},{"taxonomy":"post_tag","embeddable":true,"href":"https:\/\/www.uninter.com\/radio\/wp-json\/wp\/v2\/tags?post=34460"}],"curies":[{"name":"wp","href":"https:\/\/api.w.org\/{rel}","templated":true}]}}