{"id":34453,"date":"2022-11-10T12:06:33","date_gmt":"2022-11-10T15:06:33","guid":{"rendered":"https:\/\/www.uninter.com\/radio\/?p=34453"},"modified":"2022-11-10T12:06:35","modified_gmt":"2022-11-10T15:06:35","slug":"inclusao-em-rede-aspectos-clinicos-da-surdez","status":"publish","type":"post","link":"https:\/\/www.uninter.com\/radio\/inclusao-em-rede-aspectos-clinicos-da-surdez","title":{"rendered":"Inclus\u00e3o em Rede | Aspectos cl\u00ednicos da surdez"},"content":{"rendered":"\n<figure class=\"wp-block-audio\"><audio controls src=\"https:\/\/www.uninter.com\/radio\/wp-content\/uploads\/2022\/11\/inclusao-em-rede-04-11-2022-online-audio-converter.com_.mp3\"><\/audio><\/figure>\n\n\n\n<p>O Inclus\u00e3o em Rede trata dos aspectos cl\u00ednicos da surdez e as formas de remedi\u00e1-la. <\/p>\n\n\n\n<p>A professora Leomar Marchesini recebe a fonoaudi\u00f3loga Evelin Muller para a conversa.<\/p>\n","protected":false},"excerpt":{"rendered":"<p>O Inclus\u00e3o em Rede trata dos aspectos cl\u00ednicos da surdez e as formas de remedi\u00e1-la&#8230;.<\/p>\n","protected":false},"author":3,"featured_media":33698,"comment_status":"open","ping_status":"open","sticky":false,"template":"","format":"standard","meta":[],"categories":[2727],"tags":[],"_links":{"self":[{"href":"https:\/\/www.uninter.com\/radio\/wp-json\/wp\/v2\/posts\/34453"}],"collection":[{"href":"https:\/\/www.uninter.com\/radio\/wp-json\/wp\/v2\/posts"}],"about":[{"href":"https:\/\/www.uninter.com\/radio\/wp-json\/wp\/v2\/types\/post"}],"author":[{"embeddable":true,"href":"https:\/\/www.uninter.com\/radio\/wp-json\/wp\/v2\/users\/3"}],"replies":[{"embeddable":true,"href":"https:\/\/www.uninter.com\/radio\/wp-json\/wp\/v2\/comments?post=34453"}],"version-history":[{"count":1,"href":"https:\/\/www.uninter.com\/radio\/wp-json\/wp\/v2\/posts\/34453\/revisions"}],"predecessor-version":[{"id":34455,"href":"https:\/\/www.uninter.com\/radio\/wp-json\/wp\/v2\/posts\/34453\/revisions\/34455"}],"wp:featuredmedia":[{"embeddable":true,"href":"https:\/\/www.uninter.com\/radio\/wp-json\/wp\/v2\/media\/33698"}],"wp:attachment":[{"href":"https:\/\/www.uninter.com\/radio\/wp-json\/wp\/v2\/media?parent=34453"}],"wp:term":[{"taxonomy":"category","embeddable":true,"href":"https:\/\/www.uninter.com\/radio\/wp-json\/wp\/v2\/categories?post=34453"},{"taxonomy":"post_tag","embeddable":true,"href":"https:\/\/www.uninter.com\/radio\/wp-json\/wp\/v2\/tags?post=34453"}],"curies":[{"name":"wp","href":"https:\/\/api.w.org\/{rel}","templated":true}]}}