{"id":34444,"date":"2022-11-10T11:53:25","date_gmt":"2022-11-10T14:53:25","guid":{"rendered":"https:\/\/www.uninter.com\/radio\/?p=34444"},"modified":"2022-11-10T11:53:27","modified_gmt":"2022-11-10T14:53:27","slug":"chave-interdisciplinar-o-que-ha-por-tras-do-camarim-ou-antes-do-vestiario","status":"publish","type":"post","link":"https:\/\/www.uninter.com\/radio\/chave-interdisciplinar-o-que-ha-por-tras-do-camarim-ou-antes-do-vestiario","title":{"rendered":"Chave Interdisciplinar | O que h\u00e1 por tr\u00e1s do camarim ou antes do vesti\u00e1rio?"},"content":{"rendered":"\n<figure class=\"wp-block-audio\"><audio controls src=\"https:\/\/www.uninter.com\/radio\/wp-content\/uploads\/2022\/11\/chave-03-11-2022.mp3\"><\/audio><\/figure>\n\n\n\n<p>O programa Chave Interdisplinar mostra o que h\u00e1 por tr\u00e1s do camarim, ou tamb\u00e9m antes do vesti\u00e1rio. <\/p>\n\n\n\n<p>O debate \u00e9 promovido pela \u00e1rea de linguagens cultural e corporal, e conta com a presen\u00e7a dos presen\u00e7a dos Marcos Ruiz da Silva e Alysson Siqueira.<\/p>\n","protected":false},"excerpt":{"rendered":"<p>O programa Chave Interdisplinar mostra o que h\u00e1 por tr\u00e1s do camarim, ou tamb\u00e9m antes&#8230;<\/p>\n","protected":false},"author":3,"featured_media":33668,"comment_status":"open","ping_status":"open","sticky":false,"template":"","format":"standard","meta":[],"categories":[2735],"tags":[],"_links":{"self":[{"href":"https:\/\/www.uninter.com\/radio\/wp-json\/wp\/v2\/posts\/34444"}],"collection":[{"href":"https:\/\/www.uninter.com\/radio\/wp-json\/wp\/v2\/posts"}],"about":[{"href":"https:\/\/www.uninter.com\/radio\/wp-json\/wp\/v2\/types\/post"}],"author":[{"embeddable":true,"href":"https:\/\/www.uninter.com\/radio\/wp-json\/wp\/v2\/users\/3"}],"replies":[{"embeddable":true,"href":"https:\/\/www.uninter.com\/radio\/wp-json\/wp\/v2\/comments?post=34444"}],"version-history":[{"count":1,"href":"https:\/\/www.uninter.com\/radio\/wp-json\/wp\/v2\/posts\/34444\/revisions"}],"predecessor-version":[{"id":34446,"href":"https:\/\/www.uninter.com\/radio\/wp-json\/wp\/v2\/posts\/34444\/revisions\/34446"}],"wp:featuredmedia":[{"embeddable":true,"href":"https:\/\/www.uninter.com\/radio\/wp-json\/wp\/v2\/media\/33668"}],"wp:attachment":[{"href":"https:\/\/www.uninter.com\/radio\/wp-json\/wp\/v2\/media?parent=34444"}],"wp:term":[{"taxonomy":"category","embeddable":true,"href":"https:\/\/www.uninter.com\/radio\/wp-json\/wp\/v2\/categories?post=34444"},{"taxonomy":"post_tag","embeddable":true,"href":"https:\/\/www.uninter.com\/radio\/wp-json\/wp\/v2\/tags?post=34444"}],"curies":[{"name":"wp","href":"https:\/\/api.w.org\/{rel}","templated":true}]}}