{"id":34438,"date":"2022-11-10T11:48:09","date_gmt":"2022-11-10T14:48:09","guid":{"rendered":"https:\/\/www.uninter.com\/radio\/?p=34438"},"modified":"2022-11-10T11:48:10","modified_gmt":"2022-11-10T14:48:10","slug":"saude-em-foco-afinal-o-que-e-saude-unica","status":"publish","type":"post","link":"https:\/\/www.uninter.com\/radio\/saude-em-foco-afinal-o-que-e-saude-unica","title":{"rendered":"Sa\u00fade em Foco | Afinal, o que \u00e9 sa\u00fade \u00fanica?"},"content":{"rendered":"\n<figure class=\"wp-block-audio\"><audio controls src=\"https:\/\/www.uninter.com\/radio\/wp-content\/uploads\/2022\/11\/saude-em-foco-01-11-2022.mp3\"><\/audio><\/figure>\n\n\n\n<p>A sa\u00fade \u00fanica engloba temas como pol\u00edticas p\u00fablicas, problemas ambientais, sa\u00fade animal, e cuidar em sa\u00fade, e vamos falar justamente sobre todos estes no Sa\u00fade em Foco. <\/p>\n\n\n\n<p>Para a conversa, Barbara Carvalho recebe os professores Cristiano Cavei\u00e3o, Ivana Busato e Augusto Lima da Silveira.<\/p>\n","protected":false},"excerpt":{"rendered":"<p>A sa\u00fade \u00fanica engloba temas como pol\u00edticas p\u00fablicas, problemas ambientais, sa\u00fade animal, e cuidar em&#8230;<\/p>\n","protected":false},"author":3,"featured_media":33678,"comment_status":"open","ping_status":"open","sticky":false,"template":"","format":"standard","meta":[],"categories":[2790],"tags":[],"_links":{"self":[{"href":"https:\/\/www.uninter.com\/radio\/wp-json\/wp\/v2\/posts\/34438"}],"collection":[{"href":"https:\/\/www.uninter.com\/radio\/wp-json\/wp\/v2\/posts"}],"about":[{"href":"https:\/\/www.uninter.com\/radio\/wp-json\/wp\/v2\/types\/post"}],"author":[{"embeddable":true,"href":"https:\/\/www.uninter.com\/radio\/wp-json\/wp\/v2\/users\/3"}],"replies":[{"embeddable":true,"href":"https:\/\/www.uninter.com\/radio\/wp-json\/wp\/v2\/comments?post=34438"}],"version-history":[{"count":1,"href":"https:\/\/www.uninter.com\/radio\/wp-json\/wp\/v2\/posts\/34438\/revisions"}],"predecessor-version":[{"id":34440,"href":"https:\/\/www.uninter.com\/radio\/wp-json\/wp\/v2\/posts\/34438\/revisions\/34440"}],"wp:featuredmedia":[{"embeddable":true,"href":"https:\/\/www.uninter.com\/radio\/wp-json\/wp\/v2\/media\/33678"}],"wp:attachment":[{"href":"https:\/\/www.uninter.com\/radio\/wp-json\/wp\/v2\/media?parent=34438"}],"wp:term":[{"taxonomy":"category","embeddable":true,"href":"https:\/\/www.uninter.com\/radio\/wp-json\/wp\/v2\/categories?post=34438"},{"taxonomy":"post_tag","embeddable":true,"href":"https:\/\/www.uninter.com\/radio\/wp-json\/wp\/v2\/tags?post=34438"}],"curies":[{"name":"wp","href":"https:\/\/api.w.org\/{rel}","templated":true}]}}