{"id":34429,"date":"2022-11-10T11:38:08","date_gmt":"2022-11-10T14:38:08","guid":{"rendered":"https:\/\/www.uninter.com\/radio\/?p=34429"},"modified":"2022-11-10T11:38:10","modified_gmt":"2022-11-10T14:38:10","slug":"talento-em-foco-a-saude-mental-no-trabalho","status":"publish","type":"post","link":"https:\/\/www.uninter.com\/radio\/talento-em-foco-a-saude-mental-no-trabalho","title":{"rendered":"Talento em Foco | A sa\u00fade mental no trabalho"},"content":{"rendered":"\n<figure class=\"wp-block-audio\"><audio controls src=\"https:\/\/www.uninter.com\/radio\/wp-content\/uploads\/2022\/11\/talento-em-foco-31-10-2022.mp3\"><\/audio><\/figure>\n\n\n\n<p>Cuidar da sa\u00fade mental \u00e9 importante em todos as \u00e1reas que fazem parte da nossa rotina, principalmente no trabalho. <\/p>\n\n\n\n<p>O Talento em Foco trata a sa\u00fade mental no trabalho, e para isso, Evandro Tosin recebe Lauriceia Pereira de Souza, especialista em desenvolvimento pessoal.<\/p>\n","protected":false},"excerpt":{"rendered":"<p>Cuidar da sa\u00fade mental \u00e9 importante em todos as \u00e1reas que fazem parte da nossa&#8230;<\/p>\n","protected":false},"author":3,"featured_media":31128,"comment_status":"open","ping_status":"open","sticky":false,"template":"","format":"standard","meta":[],"categories":[2723],"tags":[],"_links":{"self":[{"href":"https:\/\/www.uninter.com\/radio\/wp-json\/wp\/v2\/posts\/34429"}],"collection":[{"href":"https:\/\/www.uninter.com\/radio\/wp-json\/wp\/v2\/posts"}],"about":[{"href":"https:\/\/www.uninter.com\/radio\/wp-json\/wp\/v2\/types\/post"}],"author":[{"embeddable":true,"href":"https:\/\/www.uninter.com\/radio\/wp-json\/wp\/v2\/users\/3"}],"replies":[{"embeddable":true,"href":"https:\/\/www.uninter.com\/radio\/wp-json\/wp\/v2\/comments?post=34429"}],"version-history":[{"count":1,"href":"https:\/\/www.uninter.com\/radio\/wp-json\/wp\/v2\/posts\/34429\/revisions"}],"predecessor-version":[{"id":34431,"href":"https:\/\/www.uninter.com\/radio\/wp-json\/wp\/v2\/posts\/34429\/revisions\/34431"}],"wp:featuredmedia":[{"embeddable":true,"href":"https:\/\/www.uninter.com\/radio\/wp-json\/wp\/v2\/media\/31128"}],"wp:attachment":[{"href":"https:\/\/www.uninter.com\/radio\/wp-json\/wp\/v2\/media?parent=34429"}],"wp:term":[{"taxonomy":"category","embeddable":true,"href":"https:\/\/www.uninter.com\/radio\/wp-json\/wp\/v2\/categories?post=34429"},{"taxonomy":"post_tag","embeddable":true,"href":"https:\/\/www.uninter.com\/radio\/wp-json\/wp\/v2\/tags?post=34429"}],"curies":[{"name":"wp","href":"https:\/\/api.w.org\/{rel}","templated":true}]}}