{"id":34423,"date":"2022-11-09T17:32:53","date_gmt":"2022-11-09T20:32:53","guid":{"rendered":"https:\/\/www.uninter.com\/radio\/?p=34423"},"modified":"2022-11-09T17:32:55","modified_gmt":"2022-11-09T20:32:55","slug":"diversos-da-pos-as-mulheres-nas-eleicoes-de-2022","status":"publish","type":"post","link":"https:\/\/www.uninter.com\/radio\/diversos-da-pos-as-mulheres-nas-eleicoes-de-2022","title":{"rendered":"Diversos da P\u00f3s | As mulheres nas elei\u00e7\u00f5es de 2022"},"content":{"rendered":"\n<figure class=\"wp-block-audio\"><audio controls src=\"https:\/\/www.uninter.com\/radio\/wp-content\/uploads\/2022\/11\/diversos-da-pos-27-10-2022.mp3\"><\/audio><\/figure>\n\n\n\n<p>As mulheres s\u00e3o maioria na sociedade, mas se veem pouco representadas em cargos eletivos e de lideran\u00e7a pol\u00edtica. <\/p>\n\n\n\n<p>O Diversos da P\u00f3s analisa o resultado das candidaturas femininas nas elei\u00e7\u00f5es deste ano, com presen\u00e7a da especialista em Gest\u00e3o P\u00fablica Amanda Leska e apresenta\u00e7\u00e3o das professoras Relly Amaral e Joice Diaz.<\/p>\n","protected":false},"excerpt":{"rendered":"<p>As mulheres s\u00e3o maioria na sociedade, mas se veem pouco representadas em cargos eletivos e&#8230;<\/p>\n","protected":false},"author":3,"featured_media":34178,"comment_status":"open","ping_status":"open","sticky":false,"template":"","format":"standard","meta":[],"categories":[2704],"tags":[],"_links":{"self":[{"href":"https:\/\/www.uninter.com\/radio\/wp-json\/wp\/v2\/posts\/34423"}],"collection":[{"href":"https:\/\/www.uninter.com\/radio\/wp-json\/wp\/v2\/posts"}],"about":[{"href":"https:\/\/www.uninter.com\/radio\/wp-json\/wp\/v2\/types\/post"}],"author":[{"embeddable":true,"href":"https:\/\/www.uninter.com\/radio\/wp-json\/wp\/v2\/users\/3"}],"replies":[{"embeddable":true,"href":"https:\/\/www.uninter.com\/radio\/wp-json\/wp\/v2\/comments?post=34423"}],"version-history":[{"count":1,"href":"https:\/\/www.uninter.com\/radio\/wp-json\/wp\/v2\/posts\/34423\/revisions"}],"predecessor-version":[{"id":34425,"href":"https:\/\/www.uninter.com\/radio\/wp-json\/wp\/v2\/posts\/34423\/revisions\/34425"}],"wp:featuredmedia":[{"embeddable":true,"href":"https:\/\/www.uninter.com\/radio\/wp-json\/wp\/v2\/media\/34178"}],"wp:attachment":[{"href":"https:\/\/www.uninter.com\/radio\/wp-json\/wp\/v2\/media?parent=34423"}],"wp:term":[{"taxonomy":"category","embeddable":true,"href":"https:\/\/www.uninter.com\/radio\/wp-json\/wp\/v2\/categories?post=34423"},{"taxonomy":"post_tag","embeddable":true,"href":"https:\/\/www.uninter.com\/radio\/wp-json\/wp\/v2\/tags?post=34423"}],"curies":[{"name":"wp","href":"https:\/\/api.w.org\/{rel}","templated":true}]}}