{"id":34408,"date":"2022-11-09T17:14:15","date_gmt":"2022-11-09T20:14:15","guid":{"rendered":"https:\/\/www.uninter.com\/radio\/?p=34408"},"modified":"2022-11-09T17:14:17","modified_gmt":"2022-11-09T20:14:17","slug":"atualidades-da-educacao-o-mal-em-santo-agostinho","status":"publish","type":"post","link":"https:\/\/www.uninter.com\/radio\/atualidades-da-educacao-o-mal-em-santo-agostinho","title":{"rendered":"Atualidades da Educa\u00e7\u00e3o | O mal em Santo Agostinho"},"content":{"rendered":"\n<figure class=\"wp-block-audio\"><audio controls src=\"https:\/\/www.uninter.com\/radio\/wp-content\/uploads\/2022\/11\/atualidades-da-educacao-26-10-2022.mp3\"><\/audio><\/figure>\n\n\n\n<p>O Atualidades da Educa\u00e7\u00e3o debate a defini\u00e7\u00e3o de mal na obra de Santo Agostinho. <\/p>\n\n\n\n<p>Os professores Alvino Moser e Luis Fernando Lopes recebem o mestrando em Filosofia e te\u00f3logo Guilherme Carvalho para a conversa.<\/p>\n","protected":false},"excerpt":{"rendered":"<p>O Atualidades da Educa\u00e7\u00e3o debate a defini\u00e7\u00e3o de mal na obra de Santo Agostinho. Os&#8230;<\/p>\n","protected":false},"author":3,"featured_media":33674,"comment_status":"open","ping_status":"open","sticky":false,"template":"","format":"standard","meta":[],"categories":[2760],"tags":[],"_links":{"self":[{"href":"https:\/\/www.uninter.com\/radio\/wp-json\/wp\/v2\/posts\/34408"}],"collection":[{"href":"https:\/\/www.uninter.com\/radio\/wp-json\/wp\/v2\/posts"}],"about":[{"href":"https:\/\/www.uninter.com\/radio\/wp-json\/wp\/v2\/types\/post"}],"author":[{"embeddable":true,"href":"https:\/\/www.uninter.com\/radio\/wp-json\/wp\/v2\/users\/3"}],"replies":[{"embeddable":true,"href":"https:\/\/www.uninter.com\/radio\/wp-json\/wp\/v2\/comments?post=34408"}],"version-history":[{"count":1,"href":"https:\/\/www.uninter.com\/radio\/wp-json\/wp\/v2\/posts\/34408\/revisions"}],"predecessor-version":[{"id":34410,"href":"https:\/\/www.uninter.com\/radio\/wp-json\/wp\/v2\/posts\/34408\/revisions\/34410"}],"wp:featuredmedia":[{"embeddable":true,"href":"https:\/\/www.uninter.com\/radio\/wp-json\/wp\/v2\/media\/33674"}],"wp:attachment":[{"href":"https:\/\/www.uninter.com\/radio\/wp-json\/wp\/v2\/media?parent=34408"}],"wp:term":[{"taxonomy":"category","embeddable":true,"href":"https:\/\/www.uninter.com\/radio\/wp-json\/wp\/v2\/categories?post=34408"},{"taxonomy":"post_tag","embeddable":true,"href":"https:\/\/www.uninter.com\/radio\/wp-json\/wp\/v2\/tags?post=34408"}],"curies":[{"name":"wp","href":"https:\/\/api.w.org\/{rel}","templated":true}]}}