{"id":34405,"date":"2022-11-09T17:09:20","date_gmt":"2022-11-09T20:09:20","guid":{"rendered":"https:\/\/www.uninter.com\/radio\/?p=34405"},"modified":"2022-11-09T17:09:42","modified_gmt":"2022-11-09T20:09:42","slug":"papo-castico-sou-negro-sou-pardo-sou-do-tamanho-do-mundo","status":"publish","type":"post","link":"https:\/\/www.uninter.com\/radio\/papo-castico-sou-negro-sou-pardo-sou-do-tamanho-do-mundo","title":{"rendered":"Papo Casti\u00e7o | Sou negro, sou pardo, sou do tamanho do mundo"},"content":{"rendered":"\n<figure class=\"wp-block-audio\"><audio controls src=\"https:\/\/www.uninter.com\/radio\/wp-content\/uploads\/2022\/11\/papo-castico-26-10-2022.mp3\"><\/audio><\/figure>\n\n\n\n<p>O Papo Casti\u00e7o recebe a mestra em Educa\u00e7\u00e3o Gisley Monteiro para falar das classifica\u00e7\u00f5es de etnia no Brasil e a presen\u00e7a de pretos e pardos no pa\u00eds. <\/p>\n\n\n\n<p>A apresenta\u00e7\u00e3o fica por conta de de Sandy Lylia da Silva.<\/p>\n","protected":false},"excerpt":{"rendered":"<p>O Papo Casti\u00e7o recebe a mestra em Educa\u00e7\u00e3o Gisley Monteiro para falar das classifica\u00e7\u00f5es de&#8230;<\/p>\n","protected":false},"author":3,"featured_media":34252,"comment_status":"open","ping_status":"open","sticky":false,"template":"","format":"standard","meta":[],"categories":[2841],"tags":[],"_links":{"self":[{"href":"https:\/\/www.uninter.com\/radio\/wp-json\/wp\/v2\/posts\/34405"}],"collection":[{"href":"https:\/\/www.uninter.com\/radio\/wp-json\/wp\/v2\/posts"}],"about":[{"href":"https:\/\/www.uninter.com\/radio\/wp-json\/wp\/v2\/types\/post"}],"author":[{"embeddable":true,"href":"https:\/\/www.uninter.com\/radio\/wp-json\/wp\/v2\/users\/3"}],"replies":[{"embeddable":true,"href":"https:\/\/www.uninter.com\/radio\/wp-json\/wp\/v2\/comments?post=34405"}],"version-history":[{"count":1,"href":"https:\/\/www.uninter.com\/radio\/wp-json\/wp\/v2\/posts\/34405\/revisions"}],"predecessor-version":[{"id":34407,"href":"https:\/\/www.uninter.com\/radio\/wp-json\/wp\/v2\/posts\/34405\/revisions\/34407"}],"wp:featuredmedia":[{"embeddable":true,"href":"https:\/\/www.uninter.com\/radio\/wp-json\/wp\/v2\/media\/34252"}],"wp:attachment":[{"href":"https:\/\/www.uninter.com\/radio\/wp-json\/wp\/v2\/media?parent=34405"}],"wp:term":[{"taxonomy":"category","embeddable":true,"href":"https:\/\/www.uninter.com\/radio\/wp-json\/wp\/v2\/categories?post=34405"},{"taxonomy":"post_tag","embeddable":true,"href":"https:\/\/www.uninter.com\/radio\/wp-json\/wp\/v2\/tags?post=34405"}],"curies":[{"name":"wp","href":"https:\/\/api.w.org\/{rel}","templated":true}]}}