{"id":34402,"date":"2022-11-09T17:05:39","date_gmt":"2022-11-09T20:05:39","guid":{"rendered":"https:\/\/www.uninter.com\/radio\/?p=34402"},"modified":"2022-11-09T17:05:41","modified_gmt":"2022-11-09T20:05:41","slug":"saude-em-foco-cesta-basica-e-direito-humano-a-alimentacao-adequada","status":"publish","type":"post","link":"https:\/\/www.uninter.com\/radio\/saude-em-foco-cesta-basica-e-direito-humano-a-alimentacao-adequada","title":{"rendered":"Sa\u00fade em Foco | Cesta b\u00e1sica e direito humano \u00e0 alimenta\u00e7\u00e3o adequada"},"content":{"rendered":"\n<figure class=\"wp-block-audio\"><audio controls src=\"https:\/\/www.uninter.com\/radio\/wp-content\/uploads\/2022\/11\/saude-em-foco-25-10-2022.mp3\"><\/audio><\/figure>\n\n\n\n<p>A alimenta\u00e7\u00e3o digna \u00e9 um direito universal, fundamental para todas as etapas da vida e para o pleno desenvolvimento humano. <\/p>\n\n\n\n<p>O Sa\u00fade em Foco trata dessa garantia e dos itens que comp\u00f5em a cesta b\u00e1sica como adequados ao organismo. <\/p>\n\n\n\n<p>Barbara Carvalho recebe a assistente social, mestra em Sa\u00fade e professora Neiva Hack para discutir o assunto.<\/p>\n","protected":false},"excerpt":{"rendered":"<p>A alimenta\u00e7\u00e3o digna \u00e9 um direito universal, fundamental para todas as etapas da vida e&#8230;<\/p>\n","protected":false},"author":3,"featured_media":33678,"comment_status":"open","ping_status":"open","sticky":false,"template":"","format":"standard","meta":[],"categories":[2790],"tags":[],"_links":{"self":[{"href":"https:\/\/www.uninter.com\/radio\/wp-json\/wp\/v2\/posts\/34402"}],"collection":[{"href":"https:\/\/www.uninter.com\/radio\/wp-json\/wp\/v2\/posts"}],"about":[{"href":"https:\/\/www.uninter.com\/radio\/wp-json\/wp\/v2\/types\/post"}],"author":[{"embeddable":true,"href":"https:\/\/www.uninter.com\/radio\/wp-json\/wp\/v2\/users\/3"}],"replies":[{"embeddable":true,"href":"https:\/\/www.uninter.com\/radio\/wp-json\/wp\/v2\/comments?post=34402"}],"version-history":[{"count":1,"href":"https:\/\/www.uninter.com\/radio\/wp-json\/wp\/v2\/posts\/34402\/revisions"}],"predecessor-version":[{"id":34404,"href":"https:\/\/www.uninter.com\/radio\/wp-json\/wp\/v2\/posts\/34402\/revisions\/34404"}],"wp:featuredmedia":[{"embeddable":true,"href":"https:\/\/www.uninter.com\/radio\/wp-json\/wp\/v2\/media\/33678"}],"wp:attachment":[{"href":"https:\/\/www.uninter.com\/radio\/wp-json\/wp\/v2\/media?parent=34402"}],"wp:term":[{"taxonomy":"category","embeddable":true,"href":"https:\/\/www.uninter.com\/radio\/wp-json\/wp\/v2\/categories?post=34402"},{"taxonomy":"post_tag","embeddable":true,"href":"https:\/\/www.uninter.com\/radio\/wp-json\/wp\/v2\/tags?post=34402"}],"curies":[{"name":"wp","href":"https:\/\/api.w.org\/{rel}","templated":true}]}}