{"id":34396,"date":"2022-11-09T16:56:58","date_gmt":"2022-11-09T19:56:58","guid":{"rendered":"https:\/\/www.uninter.com\/radio\/?p=34396"},"modified":"2022-11-09T16:57:00","modified_gmt":"2022-11-09T19:57:00","slug":"talento-em-foco-a-mulher-e-o-mercado-de-trabalho","status":"publish","type":"post","link":"https:\/\/www.uninter.com\/radio\/talento-em-foco-a-mulher-e-o-mercado-de-trabalho","title":{"rendered":"Talento em Foco | A mulher e o mercado de trabalho"},"content":{"rendered":"\n<figure class=\"wp-block-audio\"><audio controls src=\"https:\/\/www.uninter.com\/radio\/wp-content\/uploads\/2022\/11\/talento-em-foco-24-10-2022.mp3\"><\/audio><\/figure>\n\n\n\n<p>De acordo com o IBGE, 54,5% das mulheres brasileiras integram a for\u00e7a de trabalho do pa\u00eds, 15% a mais do que a porcentagem mundial. <\/p>\n\n\n\n<p>Um n\u00famero significativo que merece ser debatido, e no Talento em Foco, vamos conversar sobre a mulher e o mercado de trabalho. <\/p>\n\n\n\n<p>Para o bate-papo contamos com a presen\u00e7a de Barbara Carvalho e Gloria Cardozo, assistente de servi\u00e7os de inclus\u00e3o do SIANEE Uninter.<\/p>\n","protected":false},"excerpt":{"rendered":"<p>De acordo com o IBGE, 54,5% das mulheres brasileiras integram a for\u00e7a de trabalho do&#8230;<\/p>\n","protected":false},"author":3,"featured_media":31128,"comment_status":"open","ping_status":"open","sticky":false,"template":"","format":"standard","meta":[],"categories":[2723],"tags":[],"_links":{"self":[{"href":"https:\/\/www.uninter.com\/radio\/wp-json\/wp\/v2\/posts\/34396"}],"collection":[{"href":"https:\/\/www.uninter.com\/radio\/wp-json\/wp\/v2\/posts"}],"about":[{"href":"https:\/\/www.uninter.com\/radio\/wp-json\/wp\/v2\/types\/post"}],"author":[{"embeddable":true,"href":"https:\/\/www.uninter.com\/radio\/wp-json\/wp\/v2\/users\/3"}],"replies":[{"embeddable":true,"href":"https:\/\/www.uninter.com\/radio\/wp-json\/wp\/v2\/comments?post=34396"}],"version-history":[{"count":1,"href":"https:\/\/www.uninter.com\/radio\/wp-json\/wp\/v2\/posts\/34396\/revisions"}],"predecessor-version":[{"id":34398,"href":"https:\/\/www.uninter.com\/radio\/wp-json\/wp\/v2\/posts\/34396\/revisions\/34398"}],"wp:featuredmedia":[{"embeddable":true,"href":"https:\/\/www.uninter.com\/radio\/wp-json\/wp\/v2\/media\/31128"}],"wp:attachment":[{"href":"https:\/\/www.uninter.com\/radio\/wp-json\/wp\/v2\/media?parent=34396"}],"wp:term":[{"taxonomy":"category","embeddable":true,"href":"https:\/\/www.uninter.com\/radio\/wp-json\/wp\/v2\/categories?post=34396"},{"taxonomy":"post_tag","embeddable":true,"href":"https:\/\/www.uninter.com\/radio\/wp-json\/wp\/v2\/tags?post=34396"}],"curies":[{"name":"wp","href":"https:\/\/api.w.org\/{rel}","templated":true}]}}