{"id":34379,"date":"2022-10-25T15:42:00","date_gmt":"2022-10-25T18:42:00","guid":{"rendered":"https:\/\/www.uninter.com\/radio\/?p=34379"},"modified":"2022-10-25T15:42:02","modified_gmt":"2022-10-25T18:42:02","slug":"conversa-com-o-reitor-gestao-de-escolas-inclusivas-e-inovadoras","status":"publish","type":"post","link":"https:\/\/www.uninter.com\/radio\/conversa-com-o-reitor-gestao-de-escolas-inclusivas-e-inovadoras","title":{"rendered":"Conversa com o Reitor | Gest\u00e3o de escolas inclusivas e inovadoras"},"content":{"rendered":"\n<figure class=\"wp-block-audio\"><audio controls src=\"https:\/\/www.uninter.com\/radio\/wp-content\/uploads\/2022\/10\/conversa-com-o-reitor-21-10-2022.mp3\"><\/audio><\/figure>\n\n\n\n<p>O Conversa com o Reitor desta semana promove um encontro diretamente de Bel\u00e9m (PA) para falar dos desafios e das oportunidades na gest\u00e3o de escolas inclusivas e inovadoras. Benhur Gaio recebe a diretora da Escola de Educa\u00e7\u00e3o da Uninter, Dinamara Machado, e a gestora de polos Hercilia Nunes para o bate-papo, ambas presentes no polo belenense.<\/p>\n","protected":false},"excerpt":{"rendered":"<p>O Conversa com o Reitor desta semana promove um encontro diretamente de Bel\u00e9m (PA) para&#8230;<\/p>\n","protected":false},"author":3,"featured_media":31088,"comment_status":"open","ping_status":"open","sticky":false,"template":"","format":"standard","meta":[],"categories":[2724],"tags":[],"_links":{"self":[{"href":"https:\/\/www.uninter.com\/radio\/wp-json\/wp\/v2\/posts\/34379"}],"collection":[{"href":"https:\/\/www.uninter.com\/radio\/wp-json\/wp\/v2\/posts"}],"about":[{"href":"https:\/\/www.uninter.com\/radio\/wp-json\/wp\/v2\/types\/post"}],"author":[{"embeddable":true,"href":"https:\/\/www.uninter.com\/radio\/wp-json\/wp\/v2\/users\/3"}],"replies":[{"embeddable":true,"href":"https:\/\/www.uninter.com\/radio\/wp-json\/wp\/v2\/comments?post=34379"}],"version-history":[{"count":1,"href":"https:\/\/www.uninter.com\/radio\/wp-json\/wp\/v2\/posts\/34379\/revisions"}],"predecessor-version":[{"id":34381,"href":"https:\/\/www.uninter.com\/radio\/wp-json\/wp\/v2\/posts\/34379\/revisions\/34381"}],"wp:featuredmedia":[{"embeddable":true,"href":"https:\/\/www.uninter.com\/radio\/wp-json\/wp\/v2\/media\/31088"}],"wp:attachment":[{"href":"https:\/\/www.uninter.com\/radio\/wp-json\/wp\/v2\/media?parent=34379"}],"wp:term":[{"taxonomy":"category","embeddable":true,"href":"https:\/\/www.uninter.com\/radio\/wp-json\/wp\/v2\/categories?post=34379"},{"taxonomy":"post_tag","embeddable":true,"href":"https:\/\/www.uninter.com\/radio\/wp-json\/wp\/v2\/tags?post=34379"}],"curies":[{"name":"wp","href":"https:\/\/api.w.org\/{rel}","templated":true}]}}