{"id":34364,"date":"2022-10-25T15:15:16","date_gmt":"2022-10-25T18:15:16","guid":{"rendered":"https:\/\/www.uninter.com\/radio\/?p=34364"},"modified":"2022-10-25T15:15:18","modified_gmt":"2022-10-25T18:15:18","slug":"atualidades-da-educacao-anpof-encontro-nacional-de-pos-graduacao-em-filosofia-2022","status":"publish","type":"post","link":"https:\/\/www.uninter.com\/radio\/atualidades-da-educacao-anpof-encontro-nacional-de-pos-graduacao-em-filosofia-2022","title":{"rendered":"Atualidades da Educa\u00e7\u00e3o | Anpof: Encontro nacional de P\u00f3s-gradua\u00e7\u00e3o em Filosofia 2022"},"content":{"rendered":"\n<figure class=\"wp-block-audio\"><audio controls src=\"https:\/\/www.uninter.com\/radio\/wp-content\/uploads\/2022\/10\/atualidades-da-educacao-19-10-2022.mp3\"><\/audio><\/figure>\n\n\n\n<p>A Anpof \u00e9 a Associa\u00e7\u00e3o Nacional de P\u00f3s-gradua\u00e7\u00e3o em Filosofia. A mesma realiza encontros nacionais de filosofia a cada 2 anos, e o Atualidades da Educa\u00e7\u00e3o &nbsp;vai falar sobre a edi\u00e7\u00e3o de 2022, realizada em outubro. O bate-papo \u00e9 comandado pelos professores Alvino Moser, Luis Fernando Lopes e Guilherme Augusto de Carvalho.<\/p>\n","protected":false},"excerpt":{"rendered":"<p>A Anpof \u00e9 a Associa\u00e7\u00e3o Nacional de P\u00f3s-gradua\u00e7\u00e3o em Filosofia. A mesma realiza encontros nacionais&#8230;<\/p>\n","protected":false},"author":3,"featured_media":33674,"comment_status":"open","ping_status":"open","sticky":false,"template":"","format":"standard","meta":[],"categories":[2760],"tags":[],"_links":{"self":[{"href":"https:\/\/www.uninter.com\/radio\/wp-json\/wp\/v2\/posts\/34364"}],"collection":[{"href":"https:\/\/www.uninter.com\/radio\/wp-json\/wp\/v2\/posts"}],"about":[{"href":"https:\/\/www.uninter.com\/radio\/wp-json\/wp\/v2\/types\/post"}],"author":[{"embeddable":true,"href":"https:\/\/www.uninter.com\/radio\/wp-json\/wp\/v2\/users\/3"}],"replies":[{"embeddable":true,"href":"https:\/\/www.uninter.com\/radio\/wp-json\/wp\/v2\/comments?post=34364"}],"version-history":[{"count":1,"href":"https:\/\/www.uninter.com\/radio\/wp-json\/wp\/v2\/posts\/34364\/revisions"}],"predecessor-version":[{"id":34366,"href":"https:\/\/www.uninter.com\/radio\/wp-json\/wp\/v2\/posts\/34364\/revisions\/34366"}],"wp:featuredmedia":[{"embeddable":true,"href":"https:\/\/www.uninter.com\/radio\/wp-json\/wp\/v2\/media\/33674"}],"wp:attachment":[{"href":"https:\/\/www.uninter.com\/radio\/wp-json\/wp\/v2\/media?parent=34364"}],"wp:term":[{"taxonomy":"category","embeddable":true,"href":"https:\/\/www.uninter.com\/radio\/wp-json\/wp\/v2\/categories?post=34364"},{"taxonomy":"post_tag","embeddable":true,"href":"https:\/\/www.uninter.com\/radio\/wp-json\/wp\/v2\/tags?post=34364"}],"curies":[{"name":"wp","href":"https:\/\/api.w.org\/{rel}","templated":true}]}}