{"id":34343,"date":"2022-10-25T14:46:39","date_gmt":"2022-10-25T17:46:39","guid":{"rendered":"https:\/\/www.uninter.com\/radio\/?p=34343"},"modified":"2022-10-25T14:46:40","modified_gmt":"2022-10-25T17:46:40","slug":"talento-em-foco-empreendedorismo-feminino","status":"publish","type":"post","link":"https:\/\/www.uninter.com\/radio\/talento-em-foco-empreendedorismo-feminino","title":{"rendered":"Talento em Foco | Empreendedorismo feminino"},"content":{"rendered":"\n<figure class=\"wp-block-audio\"><audio controls src=\"https:\/\/www.uninter.com\/radio\/wp-content\/uploads\/2022\/10\/talento-em-foco-17-10-2022.mp3\"><\/audio><\/figure>\n\n\n\n<p>De acordo com dados do Sebrae, mais de 10 milh\u00f5es de mulheres est\u00e3o \u00e0 frente de um neg\u00f3cio hoje no Brasil. <\/p>\n\n\n\n<p>Estes n\u00fameros s\u00e3o muito importantes, e o Talento em Foco fala sobre o empreendedorismo feminino. <\/p>\n\n\n\n<p>No bate-papo contamos com a presen\u00e7a de Barbara Carvalho e a gestora do polo de Cascavel, Cecilia Pestana. Acompanhe e participe.<\/p>\n","protected":false},"excerpt":{"rendered":"<p>De acordo com dados do Sebrae, mais de 10 milh\u00f5es de mulheres est\u00e3o \u00e0 frente&#8230;<\/p>\n","protected":false},"author":3,"featured_media":31128,"comment_status":"open","ping_status":"open","sticky":false,"template":"","format":"standard","meta":[],"categories":[2723],"tags":[],"_links":{"self":[{"href":"https:\/\/www.uninter.com\/radio\/wp-json\/wp\/v2\/posts\/34343"}],"collection":[{"href":"https:\/\/www.uninter.com\/radio\/wp-json\/wp\/v2\/posts"}],"about":[{"href":"https:\/\/www.uninter.com\/radio\/wp-json\/wp\/v2\/types\/post"}],"author":[{"embeddable":true,"href":"https:\/\/www.uninter.com\/radio\/wp-json\/wp\/v2\/users\/3"}],"replies":[{"embeddable":true,"href":"https:\/\/www.uninter.com\/radio\/wp-json\/wp\/v2\/comments?post=34343"}],"version-history":[{"count":1,"href":"https:\/\/www.uninter.com\/radio\/wp-json\/wp\/v2\/posts\/34343\/revisions"}],"predecessor-version":[{"id":34345,"href":"https:\/\/www.uninter.com\/radio\/wp-json\/wp\/v2\/posts\/34343\/revisions\/34345"}],"wp:featuredmedia":[{"embeddable":true,"href":"https:\/\/www.uninter.com\/radio\/wp-json\/wp\/v2\/media\/31128"}],"wp:attachment":[{"href":"https:\/\/www.uninter.com\/radio\/wp-json\/wp\/v2\/media?parent=34343"}],"wp:term":[{"taxonomy":"category","embeddable":true,"href":"https:\/\/www.uninter.com\/radio\/wp-json\/wp\/v2\/categories?post=34343"},{"taxonomy":"post_tag","embeddable":true,"href":"https:\/\/www.uninter.com\/radio\/wp-json\/wp\/v2\/tags?post=34343"}],"curies":[{"name":"wp","href":"https:\/\/api.w.org\/{rel}","templated":true}]}}