{"id":34334,"date":"2022-10-18T15:31:03","date_gmt":"2022-10-18T18:31:03","guid":{"rendered":"https:\/\/www.uninter.com\/radio\/?p=34334"},"modified":"2022-10-18T15:31:05","modified_gmt":"2022-10-18T18:31:05","slug":"conversa-com-o-reitor-docencia-a-profissao-das-profissoes","status":"publish","type":"post","link":"https:\/\/www.uninter.com\/radio\/conversa-com-o-reitor-docencia-a-profissao-das-profissoes","title":{"rendered":"Conversa com o Reitor | Doc\u00eancia: a profiss\u00e3o das profiss\u00f5es"},"content":{"rendered":"\n<figure class=\"wp-block-audio\"><audio controls src=\"https:\/\/www.uninter.com\/radio\/wp-content\/uploads\/2022\/10\/conversa-com-o-reitor-14-10-2022.mp3\"><\/audio><\/figure>\n\n\n\n<p>Esta edi\u00e7\u00e3o do Conversa com o Reitor \u00e9 uma homenagem ao Dia do Professor, celebrado em 15 de outubro. <\/p>\n\n\n\n<p>Benhur Gaio recebe os professores formados na Uninter Alexsandro Ribeiro e Joice Diaz para relatarem suas experi\u00eancias com a doc\u00eancia e na forma\u00e7\u00e3o de milhares de alunos no Brasil todo.<\/p>\n","protected":false},"excerpt":{"rendered":"<p>Esta edi\u00e7\u00e3o do Conversa com o Reitor \u00e9 uma homenagem ao Dia do Professor, celebrado&#8230;<\/p>\n","protected":false},"author":3,"featured_media":31088,"comment_status":"open","ping_status":"open","sticky":false,"template":"","format":"standard","meta":[],"categories":[2724],"tags":[],"_links":{"self":[{"href":"https:\/\/www.uninter.com\/radio\/wp-json\/wp\/v2\/posts\/34334"}],"collection":[{"href":"https:\/\/www.uninter.com\/radio\/wp-json\/wp\/v2\/posts"}],"about":[{"href":"https:\/\/www.uninter.com\/radio\/wp-json\/wp\/v2\/types\/post"}],"author":[{"embeddable":true,"href":"https:\/\/www.uninter.com\/radio\/wp-json\/wp\/v2\/users\/3"}],"replies":[{"embeddable":true,"href":"https:\/\/www.uninter.com\/radio\/wp-json\/wp\/v2\/comments?post=34334"}],"version-history":[{"count":1,"href":"https:\/\/www.uninter.com\/radio\/wp-json\/wp\/v2\/posts\/34334\/revisions"}],"predecessor-version":[{"id":34336,"href":"https:\/\/www.uninter.com\/radio\/wp-json\/wp\/v2\/posts\/34334\/revisions\/34336"}],"wp:featuredmedia":[{"embeddable":true,"href":"https:\/\/www.uninter.com\/radio\/wp-json\/wp\/v2\/media\/31088"}],"wp:attachment":[{"href":"https:\/\/www.uninter.com\/radio\/wp-json\/wp\/v2\/media?parent=34334"}],"wp:term":[{"taxonomy":"category","embeddable":true,"href":"https:\/\/www.uninter.com\/radio\/wp-json\/wp\/v2\/categories?post=34334"},{"taxonomy":"post_tag","embeddable":true,"href":"https:\/\/www.uninter.com\/radio\/wp-json\/wp\/v2\/tags?post=34334"}],"curies":[{"name":"wp","href":"https:\/\/api.w.org\/{rel}","templated":true}]}}