{"id":34328,"date":"2022-10-18T15:24:59","date_gmt":"2022-10-18T18:24:59","guid":{"rendered":"https:\/\/www.uninter.com\/radio\/?p=34328"},"modified":"2022-10-18T15:25:02","modified_gmt":"2022-10-18T18:25:02","slug":"chave-interdisciplinar-tecnologia-a-favor-da-vida","status":"publish","type":"post","link":"https:\/\/www.uninter.com\/radio\/chave-interdisciplinar-tecnologia-a-favor-da-vida","title":{"rendered":"Chave Interdisciplinar | Tecnologia a favor da vida"},"content":{"rendered":"\n<figure class=\"wp-block-audio\"><audio controls src=\"https:\/\/www.uninter.com\/radio\/wp-content\/uploads\/2022\/10\/chave-13-10-2022.mp3\"><\/audio><\/figure>\n\n\n\n<p>Neste epis\u00f3dio do Chave Interdisciplinar vamos promover a discuss\u00e3o de como a tecnologia pode auxiliar a vida humana nos setores de sa\u00fade, educa\u00e7\u00e3o, meio ambiente, transporte e mais!<\/p>\n\n\n\n<p>Para a conversa recebemos os professores Elcio Prus, Maria Xavier Cordeiro e Daniel Tramontin. <\/p>\n","protected":false},"excerpt":{"rendered":"<p>Neste epis\u00f3dio do Chave Interdisciplinar vamos promover a discuss\u00e3o de como a tecnologia pode auxiliar&#8230;<\/p>\n","protected":false},"author":3,"featured_media":33668,"comment_status":"open","ping_status":"open","sticky":false,"template":"","format":"standard","meta":[],"categories":[2735],"tags":[],"_links":{"self":[{"href":"https:\/\/www.uninter.com\/radio\/wp-json\/wp\/v2\/posts\/34328"}],"collection":[{"href":"https:\/\/www.uninter.com\/radio\/wp-json\/wp\/v2\/posts"}],"about":[{"href":"https:\/\/www.uninter.com\/radio\/wp-json\/wp\/v2\/types\/post"}],"author":[{"embeddable":true,"href":"https:\/\/www.uninter.com\/radio\/wp-json\/wp\/v2\/users\/3"}],"replies":[{"embeddable":true,"href":"https:\/\/www.uninter.com\/radio\/wp-json\/wp\/v2\/comments?post=34328"}],"version-history":[{"count":1,"href":"https:\/\/www.uninter.com\/radio\/wp-json\/wp\/v2\/posts\/34328\/revisions"}],"predecessor-version":[{"id":34330,"href":"https:\/\/www.uninter.com\/radio\/wp-json\/wp\/v2\/posts\/34328\/revisions\/34330"}],"wp:featuredmedia":[{"embeddable":true,"href":"https:\/\/www.uninter.com\/radio\/wp-json\/wp\/v2\/media\/33668"}],"wp:attachment":[{"href":"https:\/\/www.uninter.com\/radio\/wp-json\/wp\/v2\/media?parent=34328"}],"wp:term":[{"taxonomy":"category","embeddable":true,"href":"https:\/\/www.uninter.com\/radio\/wp-json\/wp\/v2\/categories?post=34328"},{"taxonomy":"post_tag","embeddable":true,"href":"https:\/\/www.uninter.com\/radio\/wp-json\/wp\/v2\/tags?post=34328"}],"curies":[{"name":"wp","href":"https:\/\/api.w.org\/{rel}","templated":true}]}}