{"id":34316,"date":"2022-10-18T15:12:08","date_gmt":"2022-10-18T18:12:08","guid":{"rendered":"https:\/\/www.uninter.com\/radio\/?p=34316"},"modified":"2022-10-18T15:12:10","modified_gmt":"2022-10-18T18:12:10","slug":"conversa-com-o-reitor-a-forca-da-ead-nos-polos","status":"publish","type":"post","link":"https:\/\/www.uninter.com\/radio\/conversa-com-o-reitor-a-forca-da-ead-nos-polos","title":{"rendered":"Conversa com o Reitor | A for\u00e7a da EAD nos polos"},"content":{"rendered":"\n<figure class=\"wp-block-audio\"><audio controls src=\"https:\/\/www.uninter.com\/radio\/wp-content\/uploads\/2022\/10\/conversa-com-o-reitor-07-10-2022-online-audio-converter.com_.mp3\"><\/audio><\/figure>\n\n\n\n<p>O Conversa com o Reitor promove um encontro especial entre voc\u00ea e os polos de Barrac\u00e3o, e os polos catarinenses de Chapec\u00f3 e S\u00e3o Jos\u00e9 do Cedro. <\/p>\n\n\n\n<p>Benhur Gaio recebe a diretora da Escola de Educa\u00e7\u00e3o da Uninter, Dinamara Machado, a gestora de polos Andr\u00e9ia Perin e a egressa de Pedagogia Debora Schein para o bate-papo, com transmiss\u00e3o do audit\u00f3rio do campus Garcez, em Curitiba (PR), e presen\u00e7a de alunos dos polos.<\/p>\n","protected":false},"excerpt":{"rendered":"<p>O Conversa com o Reitor promove um encontro especial entre voc\u00ea e os polos de&#8230;<\/p>\n","protected":false},"author":3,"featured_media":31088,"comment_status":"open","ping_status":"open","sticky":false,"template":"","format":"standard","meta":[],"categories":[2724],"tags":[],"_links":{"self":[{"href":"https:\/\/www.uninter.com\/radio\/wp-json\/wp\/v2\/posts\/34316"}],"collection":[{"href":"https:\/\/www.uninter.com\/radio\/wp-json\/wp\/v2\/posts"}],"about":[{"href":"https:\/\/www.uninter.com\/radio\/wp-json\/wp\/v2\/types\/post"}],"author":[{"embeddable":true,"href":"https:\/\/www.uninter.com\/radio\/wp-json\/wp\/v2\/users\/3"}],"replies":[{"embeddable":true,"href":"https:\/\/www.uninter.com\/radio\/wp-json\/wp\/v2\/comments?post=34316"}],"version-history":[{"count":1,"href":"https:\/\/www.uninter.com\/radio\/wp-json\/wp\/v2\/posts\/34316\/revisions"}],"predecessor-version":[{"id":34318,"href":"https:\/\/www.uninter.com\/radio\/wp-json\/wp\/v2\/posts\/34316\/revisions\/34318"}],"wp:featuredmedia":[{"embeddable":true,"href":"https:\/\/www.uninter.com\/radio\/wp-json\/wp\/v2\/media\/31088"}],"wp:attachment":[{"href":"https:\/\/www.uninter.com\/radio\/wp-json\/wp\/v2\/media?parent=34316"}],"wp:term":[{"taxonomy":"category","embeddable":true,"href":"https:\/\/www.uninter.com\/radio\/wp-json\/wp\/v2\/categories?post=34316"},{"taxonomy":"post_tag","embeddable":true,"href":"https:\/\/www.uninter.com\/radio\/wp-json\/wp\/v2\/tags?post=34316"}],"curies":[{"name":"wp","href":"https:\/\/api.w.org\/{rel}","templated":true}]}}