{"id":34312,"date":"2022-10-18T15:05:36","date_gmt":"2022-10-18T18:05:36","guid":{"rendered":"https:\/\/www.uninter.com\/radio\/?p=34312"},"modified":"2022-10-18T15:09:10","modified_gmt":"2022-10-18T18:09:10","slug":"chave-interdisciplinar-a-matematica-da-inflacao","status":"publish","type":"post","link":"https:\/\/www.uninter.com\/radio\/chave-interdisciplinar-a-matematica-da-inflacao","title":{"rendered":"Chave Interdisciplinar | A matem\u00e1tica da infla\u00e7\u00e3o"},"content":{"rendered":"\n<figure class=\"wp-block-audio\"><audio controls src=\"https:\/\/www.uninter.com\/radio\/wp-content\/uploads\/2022\/10\/chave-06-10-2022.mp3\"><\/audio><\/figure>\n\n\n\n<p>Depois de muitos anos de estabilidade econ\u00f4mica, h\u00e1 novamente uma sequ\u00eancia de fatos que comprovam atrav\u00e9s das estat\u00edsticas que houve per\u00edodos de eleva\u00e7\u00e3o de pre\u00e7os. Dessa forma, a Infla\u00e7\u00e3o voltou a preocupar os brasileiros e por isso, muitos se perguntam: o que \u00e9 a infla\u00e7\u00e3o? Como ela \u00e9 calculada? Como s\u00e3o realizadas as estat\u00edsticas da infla\u00e7\u00e3o? <\/p>\n\n\n\n<p>Assim, o epis\u00f3dio do Chave Interdisciplinar tem como objetivo abordar algumas dessas d\u00favidas e principalmente verificar a import\u00e2ncia da matem\u00e1tica e da estat\u00edstica nos c\u00e1lculos e na exposi\u00e7\u00e3o dos fatos econ\u00f4micos que levam \u00e0 ocorr\u00eancia da infla\u00e7\u00e3o. Para a conversa recebemos os professores Guilherme Augusto e Rodolfo dos Santos. <\/p>\n","protected":false},"excerpt":{"rendered":"<p>Depois de muitos anos de estabilidade econ\u00f4mica, h\u00e1 novamente uma sequ\u00eancia de fatos que comprovam&#8230;<\/p>\n","protected":false},"author":3,"featured_media":31168,"comment_status":"open","ping_status":"open","sticky":false,"template":"","format":"standard","meta":[],"categories":[2735],"tags":[],"_links":{"self":[{"href":"https:\/\/www.uninter.com\/radio\/wp-json\/wp\/v2\/posts\/34312"}],"collection":[{"href":"https:\/\/www.uninter.com\/radio\/wp-json\/wp\/v2\/posts"}],"about":[{"href":"https:\/\/www.uninter.com\/radio\/wp-json\/wp\/v2\/types\/post"}],"author":[{"embeddable":true,"href":"https:\/\/www.uninter.com\/radio\/wp-json\/wp\/v2\/users\/3"}],"replies":[{"embeddable":true,"href":"https:\/\/www.uninter.com\/radio\/wp-json\/wp\/v2\/comments?post=34312"}],"version-history":[{"count":1,"href":"https:\/\/www.uninter.com\/radio\/wp-json\/wp\/v2\/posts\/34312\/revisions"}],"predecessor-version":[{"id":34314,"href":"https:\/\/www.uninter.com\/radio\/wp-json\/wp\/v2\/posts\/34312\/revisions\/34314"}],"wp:featuredmedia":[{"embeddable":true,"href":"https:\/\/www.uninter.com\/radio\/wp-json\/wp\/v2\/media\/31168"}],"wp:attachment":[{"href":"https:\/\/www.uninter.com\/radio\/wp-json\/wp\/v2\/media?parent=34312"}],"wp:term":[{"taxonomy":"category","embeddable":true,"href":"https:\/\/www.uninter.com\/radio\/wp-json\/wp\/v2\/categories?post=34312"},{"taxonomy":"post_tag","embeddable":true,"href":"https:\/\/www.uninter.com\/radio\/wp-json\/wp\/v2\/tags?post=34312"}],"curies":[{"name":"wp","href":"https:\/\/api.w.org\/{rel}","templated":true}]}}