{"id":34288,"date":"2022-10-18T14:25:02","date_gmt":"2022-10-18T17:25:02","guid":{"rendered":"https:\/\/www.uninter.com\/radio\/?p=34288"},"modified":"2022-10-18T14:25:04","modified_gmt":"2022-10-18T17:25:04","slug":"conheca-seu-direito-abertura-e-regularizacao-de-empresas","status":"publish","type":"post","link":"https:\/\/www.uninter.com\/radio\/conheca-seu-direito-abertura-e-regularizacao-de-empresas","title":{"rendered":"Conhe\u00e7a seu Direito | Abertura e regulariza\u00e7\u00e3o de empresas"},"content":{"rendered":"\n<figure class=\"wp-block-audio\"><audio controls src=\"https:\/\/www.uninter.com\/radio\/wp-content\/uploads\/2022\/10\/conheca-seu-direito-03-10-2022-online-audio-converter.com_.mp3\"><\/audio><\/figure>\n\n\n\n<p>A edi\u00e7\u00e3o do m\u00eas de outubro do programa Conhe\u00e7a seu Direito fala sobre a abertura e regulariza\u00e7\u00e3o de empresas. <\/p>\n\n\n\n<p>Quer saber tudo sobre o tema? Ent\u00e3o acompanhe a conversa dos professores Silvano Alcantara, Jennifer Manfrin, Priscilla Bortolotto Ribeiro e a convidada, Prof\u00aa Priscila Nunes dos Santos. Participe.<\/p>\n","protected":false},"excerpt":{"rendered":"<p>A edi\u00e7\u00e3o do m\u00eas de outubro do programa Conhe\u00e7a seu Direito fala sobre a abertura&#8230;<\/p>\n","protected":false},"author":3,"featured_media":33660,"comment_status":"open","ping_status":"open","sticky":false,"template":"","format":"standard","meta":[],"categories":[2703],"tags":[],"_links":{"self":[{"href":"https:\/\/www.uninter.com\/radio\/wp-json\/wp\/v2\/posts\/34288"}],"collection":[{"href":"https:\/\/www.uninter.com\/radio\/wp-json\/wp\/v2\/posts"}],"about":[{"href":"https:\/\/www.uninter.com\/radio\/wp-json\/wp\/v2\/types\/post"}],"author":[{"embeddable":true,"href":"https:\/\/www.uninter.com\/radio\/wp-json\/wp\/v2\/users\/3"}],"replies":[{"embeddable":true,"href":"https:\/\/www.uninter.com\/radio\/wp-json\/wp\/v2\/comments?post=34288"}],"version-history":[{"count":1,"href":"https:\/\/www.uninter.com\/radio\/wp-json\/wp\/v2\/posts\/34288\/revisions"}],"predecessor-version":[{"id":34290,"href":"https:\/\/www.uninter.com\/radio\/wp-json\/wp\/v2\/posts\/34288\/revisions\/34290"}],"wp:featuredmedia":[{"embeddable":true,"href":"https:\/\/www.uninter.com\/radio\/wp-json\/wp\/v2\/media\/33660"}],"wp:attachment":[{"href":"https:\/\/www.uninter.com\/radio\/wp-json\/wp\/v2\/media?parent=34288"}],"wp:term":[{"taxonomy":"category","embeddable":true,"href":"https:\/\/www.uninter.com\/radio\/wp-json\/wp\/v2\/categories?post=34288"},{"taxonomy":"post_tag","embeddable":true,"href":"https:\/\/www.uninter.com\/radio\/wp-json\/wp\/v2\/tags?post=34288"}],"curies":[{"name":"wp","href":"https:\/\/api.w.org\/{rel}","templated":true}]}}