{"id":34269,"date":"2022-10-05T14:48:10","date_gmt":"2022-10-05T17:48:10","guid":{"rendered":"https:\/\/www.uninter.com\/radio\/?p=34269"},"modified":"2022-10-05T14:48:12","modified_gmt":"2022-10-05T17:48:12","slug":"sua-carreira-licenciatura-em-letras-ingles","status":"publish","type":"post","link":"https:\/\/www.uninter.com\/radio\/sua-carreira-licenciatura-em-letras-ingles","title":{"rendered":"Sua Carreira | Licenciatura em Letras &#8211; Ingl\u00eas"},"content":{"rendered":"\n<figure class=\"wp-block-audio\"><audio controls src=\"https:\/\/www.uninter.com\/radio\/wp-content\/uploads\/2022\/10\/sua-carreira-30-09-2022.mp3\"><\/audio><\/figure>\n\n\n\n<p>Formar profissionais capacitados para lecionar a l\u00edngua inglesa no Ensino Fundamental e M\u00e9dio em institui\u00e7\u00f5es p\u00fablicas e privadas de ensino, e em outros espa\u00e7os de atua\u00e7\u00e3o educacional. <\/p>\n\n\n\n<p>Para isto, convidamos a professora Edna Marta Oliveira da Silva. Assista e saiba mais sobre a profiss\u00e3o e a doc\u00eancia em l\u00edngua inglesa!<\/p>\n","protected":false},"excerpt":{"rendered":"<p>Formar profissionais capacitados para lecionar a l\u00edngua inglesa no Ensino Fundamental e M\u00e9dio em institui\u00e7\u00f5es&#8230;<\/p>\n","protected":false},"author":3,"featured_media":31092,"comment_status":"open","ping_status":"open","sticky":false,"template":"","format":"standard","meta":[],"categories":[2711],"tags":[],"_links":{"self":[{"href":"https:\/\/www.uninter.com\/radio\/wp-json\/wp\/v2\/posts\/34269"}],"collection":[{"href":"https:\/\/www.uninter.com\/radio\/wp-json\/wp\/v2\/posts"}],"about":[{"href":"https:\/\/www.uninter.com\/radio\/wp-json\/wp\/v2\/types\/post"}],"author":[{"embeddable":true,"href":"https:\/\/www.uninter.com\/radio\/wp-json\/wp\/v2\/users\/3"}],"replies":[{"embeddable":true,"href":"https:\/\/www.uninter.com\/radio\/wp-json\/wp\/v2\/comments?post=34269"}],"version-history":[{"count":1,"href":"https:\/\/www.uninter.com\/radio\/wp-json\/wp\/v2\/posts\/34269\/revisions"}],"predecessor-version":[{"id":34271,"href":"https:\/\/www.uninter.com\/radio\/wp-json\/wp\/v2\/posts\/34269\/revisions\/34271"}],"wp:featuredmedia":[{"embeddable":true,"href":"https:\/\/www.uninter.com\/radio\/wp-json\/wp\/v2\/media\/31092"}],"wp:attachment":[{"href":"https:\/\/www.uninter.com\/radio\/wp-json\/wp\/v2\/media?parent=34269"}],"wp:term":[{"taxonomy":"category","embeddable":true,"href":"https:\/\/www.uninter.com\/radio\/wp-json\/wp\/v2\/categories?post=34269"},{"taxonomy":"post_tag","embeddable":true,"href":"https:\/\/www.uninter.com\/radio\/wp-json\/wp\/v2\/tags?post=34269"}],"curies":[{"name":"wp","href":"https:\/\/api.w.org\/{rel}","templated":true}]}}