{"id":34266,"date":"2022-10-05T14:44:18","date_gmt":"2022-10-05T17:44:18","guid":{"rendered":"https:\/\/www.uninter.com\/radio\/?p=34266"},"modified":"2022-10-05T14:44:19","modified_gmt":"2022-10-05T17:44:19","slug":"conversa-com-o-reitor-3-anos-de-radio-uninter-1-500-horas-de-conhecimento","status":"publish","type":"post","link":"https:\/\/www.uninter.com\/radio\/conversa-com-o-reitor-3-anos-de-radio-uninter-1-500-horas-de-conhecimento","title":{"rendered":"Conversa com o Reitor | 3 anos de R\u00e1dio Uninter, 1.500 horas de conhecimento"},"content":{"rendered":"\n<figure class=\"wp-block-audio\"><audio controls src=\"https:\/\/www.uninter.com\/radio\/wp-content\/uploads\/2022\/10\/conversa-com-o-reitor-30-06-2022.mp3\"><\/audio><\/figure>\n\n\n\n<p>O Dia Nacional do R\u00e1dio \u00e9 comemorado em 25 de setembro, e 2022 marca os 100 anos da primeira transmiss\u00e3o deste importante ve\u00edculo de comunica\u00e7\u00e3o. <\/p>\n\n\n\n<p>Em clima de festa, a R\u00e1dio Uninter tamb\u00e9m celebra seu anivers\u00e1rio no dia 25, com um programa especial contando sua trajet\u00f3ria de tr\u00eas anos como ve\u00edculo de difus\u00e3o de educa\u00e7\u00e3o, conhecimento e cultura da institui\u00e7\u00e3o para todo o p\u00fablico. <\/p>\n\n\n\n<p>O Conversa com o Reitor \u00e9 apresentado por Benhur Gaio, com a participa\u00e7\u00e3o dos professores Silvano Alcantara e Aline Eberspacher, que est\u00e3o \u00e0 frente de programas da r\u00e1dio desde sua funda\u00e7\u00e3o.<\/p>\n","protected":false},"excerpt":{"rendered":"<p>O Dia Nacional do R\u00e1dio \u00e9 comemorado em 25 de setembro, e 2022 marca os&#8230;<\/p>\n","protected":false},"author":3,"featured_media":31088,"comment_status":"open","ping_status":"open","sticky":false,"template":"","format":"standard","meta":[],"categories":[2724],"tags":[],"_links":{"self":[{"href":"https:\/\/www.uninter.com\/radio\/wp-json\/wp\/v2\/posts\/34266"}],"collection":[{"href":"https:\/\/www.uninter.com\/radio\/wp-json\/wp\/v2\/posts"}],"about":[{"href":"https:\/\/www.uninter.com\/radio\/wp-json\/wp\/v2\/types\/post"}],"author":[{"embeddable":true,"href":"https:\/\/www.uninter.com\/radio\/wp-json\/wp\/v2\/users\/3"}],"replies":[{"embeddable":true,"href":"https:\/\/www.uninter.com\/radio\/wp-json\/wp\/v2\/comments?post=34266"}],"version-history":[{"count":1,"href":"https:\/\/www.uninter.com\/radio\/wp-json\/wp\/v2\/posts\/34266\/revisions"}],"predecessor-version":[{"id":34268,"href":"https:\/\/www.uninter.com\/radio\/wp-json\/wp\/v2\/posts\/34266\/revisions\/34268"}],"wp:featuredmedia":[{"embeddable":true,"href":"https:\/\/www.uninter.com\/radio\/wp-json\/wp\/v2\/media\/31088"}],"wp:attachment":[{"href":"https:\/\/www.uninter.com\/radio\/wp-json\/wp\/v2\/media?parent=34266"}],"wp:term":[{"taxonomy":"category","embeddable":true,"href":"https:\/\/www.uninter.com\/radio\/wp-json\/wp\/v2\/categories?post=34266"},{"taxonomy":"post_tag","embeddable":true,"href":"https:\/\/www.uninter.com\/radio\/wp-json\/wp\/v2\/tags?post=34266"}],"curies":[{"name":"wp","href":"https:\/\/api.w.org\/{rel}","templated":true}]}}