{"id":34260,"date":"2022-10-05T14:34:46","date_gmt":"2022-10-05T17:34:46","guid":{"rendered":"https:\/\/www.uninter.com\/radio\/?p=34260"},"modified":"2022-10-05T14:34:47","modified_gmt":"2022-10-05T17:34:47","slug":"chave-interdisciplinar-geociencias-e-os-reflexos-da-pandemia","status":"publish","type":"post","link":"https:\/\/www.uninter.com\/radio\/chave-interdisciplinar-geociencias-e-os-reflexos-da-pandemia","title":{"rendered":"Chave Interdisciplinar | Geoci\u00eancias e os reflexos da pandemia"},"content":{"rendered":"\n<figure class=\"wp-block-audio\"><audio controls src=\"https:\/\/www.uninter.com\/radio\/wp-content\/uploads\/2022\/10\/chave-29-09-2022.mp3\"><\/audio><\/figure>\n\n\n\n<p>O programa Chave Interdisciplinar busca debater sobre import\u00e2ncia da pesquisa cient\u00edfica das ci\u00eancias naturais do conhecimento geogr\u00e1fico e biol\u00f3gico para a compreens\u00e3o das pandemias e o seu reflexo na sociedade. <\/p>\n\n\n\n<p>Para o bate-papo contamos com a presen\u00e7a dos professores Rodrigo Bert\u00e9 e Otac\u00edlio Lopes, e a media\u00e7\u00e3o fica por conta da professora Renata Garbossa.<\/p>\n","protected":false},"excerpt":{"rendered":"<p>O programa Chave Interdisciplinar busca debater sobre import\u00e2ncia da pesquisa cient\u00edfica das ci\u00eancias naturais do&#8230;<\/p>\n","protected":false},"author":3,"featured_media":31168,"comment_status":"open","ping_status":"open","sticky":false,"template":"","format":"standard","meta":[],"categories":[2735],"tags":[],"_links":{"self":[{"href":"https:\/\/www.uninter.com\/radio\/wp-json\/wp\/v2\/posts\/34260"}],"collection":[{"href":"https:\/\/www.uninter.com\/radio\/wp-json\/wp\/v2\/posts"}],"about":[{"href":"https:\/\/www.uninter.com\/radio\/wp-json\/wp\/v2\/types\/post"}],"author":[{"embeddable":true,"href":"https:\/\/www.uninter.com\/radio\/wp-json\/wp\/v2\/users\/3"}],"replies":[{"embeddable":true,"href":"https:\/\/www.uninter.com\/radio\/wp-json\/wp\/v2\/comments?post=34260"}],"version-history":[{"count":1,"href":"https:\/\/www.uninter.com\/radio\/wp-json\/wp\/v2\/posts\/34260\/revisions"}],"predecessor-version":[{"id":34262,"href":"https:\/\/www.uninter.com\/radio\/wp-json\/wp\/v2\/posts\/34260\/revisions\/34262"}],"wp:featuredmedia":[{"embeddable":true,"href":"https:\/\/www.uninter.com\/radio\/wp-json\/wp\/v2\/media\/31168"}],"wp:attachment":[{"href":"https:\/\/www.uninter.com\/radio\/wp-json\/wp\/v2\/media?parent=34260"}],"wp:term":[{"taxonomy":"category","embeddable":true,"href":"https:\/\/www.uninter.com\/radio\/wp-json\/wp\/v2\/categories?post=34260"},{"taxonomy":"post_tag","embeddable":true,"href":"https:\/\/www.uninter.com\/radio\/wp-json\/wp\/v2\/tags?post=34260"}],"curies":[{"name":"wp","href":"https:\/\/api.w.org\/{rel}","templated":true}]}}