{"id":34250,"date":"2022-10-05T14:24:20","date_gmt":"2022-10-05T17:24:20","guid":{"rendered":"https:\/\/www.uninter.com\/radio\/?p=34250"},"modified":"2022-10-05T14:25:40","modified_gmt":"2022-10-05T17:25:40","slug":"papo-castico-estreia-representatividade-negra-no-jornalismo","status":"publish","type":"post","link":"https:\/\/www.uninter.com\/radio\/papo-castico-estreia-representatividade-negra-no-jornalismo","title":{"rendered":"Papo Casti\u00e7o | Estreia! Representatividade negra no jornalismo"},"content":{"rendered":"\n<figure class=\"wp-block-audio\"><audio controls src=\"https:\/\/www.uninter.com\/radio\/wp-content\/uploads\/2022\/10\/papo-castico-28-09-2022.mp3\"><\/audio><\/figure>\n\n\n\n<p>Tem estreia na R\u00e1dio Uninter! A partir de hoje voc\u00ea acompanha o programa Papo Casti\u00e7o, e na nossa primeira edi\u00e7\u00e3o vamos debater a representatividade negra no jornalismo. <\/p>\n\n\n\n<p>Para a conversa, a apresentadora Sandy Lylia recebe Rogerio Galindo (Jornalista, cofundador do jornal Plural, em Curitiba) e Aline Reis (Jornalista, redatora e coautora do livro &#8220;Paran\u00e1 Preto&#8221;).<\/p>\n","protected":false},"excerpt":{"rendered":"<p>Tem estreia na R\u00e1dio Uninter! A partir de hoje voc\u00ea acompanha o programa Papo Casti\u00e7o,&#8230;<\/p>\n","protected":false},"author":3,"featured_media":34252,"comment_status":"open","ping_status":"open","sticky":false,"template":"","format":"standard","meta":[],"categories":[2841],"tags":[],"_links":{"self":[{"href":"https:\/\/www.uninter.com\/radio\/wp-json\/wp\/v2\/posts\/34250"}],"collection":[{"href":"https:\/\/www.uninter.com\/radio\/wp-json\/wp\/v2\/posts"}],"about":[{"href":"https:\/\/www.uninter.com\/radio\/wp-json\/wp\/v2\/types\/post"}],"author":[{"embeddable":true,"href":"https:\/\/www.uninter.com\/radio\/wp-json\/wp\/v2\/users\/3"}],"replies":[{"embeddable":true,"href":"https:\/\/www.uninter.com\/radio\/wp-json\/wp\/v2\/comments?post=34250"}],"version-history":[{"count":1,"href":"https:\/\/www.uninter.com\/radio\/wp-json\/wp\/v2\/posts\/34250\/revisions"}],"predecessor-version":[{"id":34253,"href":"https:\/\/www.uninter.com\/radio\/wp-json\/wp\/v2\/posts\/34250\/revisions\/34253"}],"wp:featuredmedia":[{"embeddable":true,"href":"https:\/\/www.uninter.com\/radio\/wp-json\/wp\/v2\/media\/34252"}],"wp:attachment":[{"href":"https:\/\/www.uninter.com\/radio\/wp-json\/wp\/v2\/media?parent=34250"}],"wp:term":[{"taxonomy":"category","embeddable":true,"href":"https:\/\/www.uninter.com\/radio\/wp-json\/wp\/v2\/categories?post=34250"},{"taxonomy":"post_tag","embeddable":true,"href":"https:\/\/www.uninter.com\/radio\/wp-json\/wp\/v2\/tags?post=34250"}],"curies":[{"name":"wp","href":"https:\/\/api.w.org\/{rel}","templated":true}]}}