{"id":34241,"date":"2022-10-05T14:10:39","date_gmt":"2022-10-05T17:10:39","guid":{"rendered":"https:\/\/www.uninter.com\/radio\/?p=34241"},"modified":"2022-10-05T14:10:40","modified_gmt":"2022-10-05T17:10:40","slug":"talento-em-foco-setembro-verde-mes-da-inclusao-e-empregabilidade-da-pessoa-com-deficiencia","status":"publish","type":"post","link":"https:\/\/www.uninter.com\/radio\/talento-em-foco-setembro-verde-mes-da-inclusao-e-empregabilidade-da-pessoa-com-deficiencia","title":{"rendered":"Talento em Foco | Setembro Verde: m\u00eas da inclus\u00e3o e empregabilidade da pessoa com defici\u00eancia"},"content":{"rendered":"\n<figure class=\"wp-block-audio\"><audio controls src=\"https:\/\/www.uninter.com\/radio\/wp-content\/uploads\/2022\/10\/talento-em-foco-26_09_2022.mp3\"><\/audio><\/figure>\n\n\n\n<p>O Setembro Verde \u00e9 uma iniciativa que objetiva refor\u00e7ar a import\u00e2ncia da acessibilidade e da inclus\u00e3o da pessoa com defici\u00eancia. <\/p>\n\n\n\n<p>O Talento em Foco retrata este tema t\u00e3o importante, e para a conversa, \u00c9rika Lotz e Evandro Tosin recebem Leomar Marchesini, coordenadora do Sianee.<\/p>\n","protected":false},"excerpt":{"rendered":"<p>O Setembro Verde \u00e9 uma iniciativa que objetiva refor\u00e7ar a import\u00e2ncia da acessibilidade e da&#8230;<\/p>\n","protected":false},"author":3,"featured_media":31128,"comment_status":"open","ping_status":"open","sticky":false,"template":"","format":"standard","meta":[],"categories":[2723],"tags":[],"_links":{"self":[{"href":"https:\/\/www.uninter.com\/radio\/wp-json\/wp\/v2\/posts\/34241"}],"collection":[{"href":"https:\/\/www.uninter.com\/radio\/wp-json\/wp\/v2\/posts"}],"about":[{"href":"https:\/\/www.uninter.com\/radio\/wp-json\/wp\/v2\/types\/post"}],"author":[{"embeddable":true,"href":"https:\/\/www.uninter.com\/radio\/wp-json\/wp\/v2\/users\/3"}],"replies":[{"embeddable":true,"href":"https:\/\/www.uninter.com\/radio\/wp-json\/wp\/v2\/comments?post=34241"}],"version-history":[{"count":1,"href":"https:\/\/www.uninter.com\/radio\/wp-json\/wp\/v2\/posts\/34241\/revisions"}],"predecessor-version":[{"id":34243,"href":"https:\/\/www.uninter.com\/radio\/wp-json\/wp\/v2\/posts\/34241\/revisions\/34243"}],"wp:featuredmedia":[{"embeddable":true,"href":"https:\/\/www.uninter.com\/radio\/wp-json\/wp\/v2\/media\/31128"}],"wp:attachment":[{"href":"https:\/\/www.uninter.com\/radio\/wp-json\/wp\/v2\/media?parent=34241"}],"wp:term":[{"taxonomy":"category","embeddable":true,"href":"https:\/\/www.uninter.com\/radio\/wp-json\/wp\/v2\/categories?post=34241"},{"taxonomy":"post_tag","embeddable":true,"href":"https:\/\/www.uninter.com\/radio\/wp-json\/wp\/v2\/tags?post=34241"}],"curies":[{"name":"wp","href":"https:\/\/api.w.org\/{rel}","templated":true}]}}