{"id":34236,"date":"2022-09-28T16:18:48","date_gmt":"2022-09-28T19:18:48","guid":{"rendered":"https:\/\/www.uninter.com\/radio\/?p=34236"},"modified":"2022-09-28T16:18:50","modified_gmt":"2022-09-28T19:18:50","slug":"inclusao-em-rede-a-empregabilidade-de-pessoas-com-deficiencia","status":"publish","type":"post","link":"https:\/\/www.uninter.com\/radio\/inclusao-em-rede-a-empregabilidade-de-pessoas-com-deficiencia","title":{"rendered":"Inclus\u00e3o em Rede | A empregabilidade de pessoas com defici\u00eancia"},"content":{"rendered":"\n<figure class=\"wp-block-audio\"><audio controls src=\"https:\/\/www.uninter.com\/radio\/wp-content\/uploads\/2022\/09\/inclusao-em-rede-23-09-2022-online-audio-converter.com_.mp3\"><\/audio><\/figure>\n\n\n\n<p>A acessibilidade das pessoas com defici\u00eancia ao mercado de trabalho \u00e9 o foco do Inclus\u00e3o em Rede. <\/p>\n\n\n\n<p>A professora Leomar Marchesini recebe o doutorando em Direito e deficiente visual Pedro Oliveira para relatar sua experi\u00eancia na \u00e1rea.<\/p>\n","protected":false},"excerpt":{"rendered":"<p>A acessibilidade das pessoas com defici\u00eancia ao mercado de trabalho \u00e9 o foco do Inclus\u00e3o&#8230;<\/p>\n","protected":false},"author":3,"featured_media":33698,"comment_status":"open","ping_status":"open","sticky":false,"template":"","format":"standard","meta":[],"categories":[2727],"tags":[],"_links":{"self":[{"href":"https:\/\/www.uninter.com\/radio\/wp-json\/wp\/v2\/posts\/34236"}],"collection":[{"href":"https:\/\/www.uninter.com\/radio\/wp-json\/wp\/v2\/posts"}],"about":[{"href":"https:\/\/www.uninter.com\/radio\/wp-json\/wp\/v2\/types\/post"}],"author":[{"embeddable":true,"href":"https:\/\/www.uninter.com\/radio\/wp-json\/wp\/v2\/users\/3"}],"replies":[{"embeddable":true,"href":"https:\/\/www.uninter.com\/radio\/wp-json\/wp\/v2\/comments?post=34236"}],"version-history":[{"count":1,"href":"https:\/\/www.uninter.com\/radio\/wp-json\/wp\/v2\/posts\/34236\/revisions"}],"predecessor-version":[{"id":34238,"href":"https:\/\/www.uninter.com\/radio\/wp-json\/wp\/v2\/posts\/34236\/revisions\/34238"}],"wp:featuredmedia":[{"embeddable":true,"href":"https:\/\/www.uninter.com\/radio\/wp-json\/wp\/v2\/media\/33698"}],"wp:attachment":[{"href":"https:\/\/www.uninter.com\/radio\/wp-json\/wp\/v2\/media?parent=34236"}],"wp:term":[{"taxonomy":"category","embeddable":true,"href":"https:\/\/www.uninter.com\/radio\/wp-json\/wp\/v2\/categories?post=34236"},{"taxonomy":"post_tag","embeddable":true,"href":"https:\/\/www.uninter.com\/radio\/wp-json\/wp\/v2\/tags?post=34236"}],"curies":[{"name":"wp","href":"https:\/\/api.w.org\/{rel}","templated":true}]}}