{"id":34230,"date":"2022-09-28T16:07:12","date_gmt":"2022-09-28T19:07:12","guid":{"rendered":"https:\/\/www.uninter.com\/radio\/?p=34230"},"modified":"2022-09-28T16:07:14","modified_gmt":"2022-09-28T19:07:14","slug":"sua-carreira-educacao-especial","status":"publish","type":"post","link":"https:\/\/www.uninter.com\/radio\/sua-carreira-educacao-especial","title":{"rendered":"Sua Carreira | Educa\u00e7\u00e3o Especial"},"content":{"rendered":"\n<figure class=\"wp-block-audio\"><audio controls src=\"https:\/\/www.uninter.com\/radio\/wp-content\/uploads\/2022\/09\/sua-carreira-23-09-2022.mp3\"><\/audio><\/figure>\n\n\n\n<p>Na semana em que se celebra o dia da pessoa com defici\u00eancia, o Sua Carreira aborda os caminhos profissionais da Educa\u00e7\u00e3o Especial, seus desafios e perspectivas. <\/p>\n\n\n\n<p>Evandro Tosin recebe a professora da gradua\u00e7\u00e3o Jucimara de Barros Bandeira para a conversa.<\/p>\n","protected":false},"excerpt":{"rendered":"<p>Na semana em que se celebra o dia da pessoa com defici\u00eancia, o Sua Carreira&#8230;<\/p>\n","protected":false},"author":3,"featured_media":33691,"comment_status":"open","ping_status":"open","sticky":false,"template":"","format":"standard","meta":[],"categories":[2711],"tags":[],"_links":{"self":[{"href":"https:\/\/www.uninter.com\/radio\/wp-json\/wp\/v2\/posts\/34230"}],"collection":[{"href":"https:\/\/www.uninter.com\/radio\/wp-json\/wp\/v2\/posts"}],"about":[{"href":"https:\/\/www.uninter.com\/radio\/wp-json\/wp\/v2\/types\/post"}],"author":[{"embeddable":true,"href":"https:\/\/www.uninter.com\/radio\/wp-json\/wp\/v2\/users\/3"}],"replies":[{"embeddable":true,"href":"https:\/\/www.uninter.com\/radio\/wp-json\/wp\/v2\/comments?post=34230"}],"version-history":[{"count":1,"href":"https:\/\/www.uninter.com\/radio\/wp-json\/wp\/v2\/posts\/34230\/revisions"}],"predecessor-version":[{"id":34232,"href":"https:\/\/www.uninter.com\/radio\/wp-json\/wp\/v2\/posts\/34230\/revisions\/34232"}],"wp:featuredmedia":[{"embeddable":true,"href":"https:\/\/www.uninter.com\/radio\/wp-json\/wp\/v2\/media\/33691"}],"wp:attachment":[{"href":"https:\/\/www.uninter.com\/radio\/wp-json\/wp\/v2\/media?parent=34230"}],"wp:term":[{"taxonomy":"category","embeddable":true,"href":"https:\/\/www.uninter.com\/radio\/wp-json\/wp\/v2\/categories?post=34230"},{"taxonomy":"post_tag","embeddable":true,"href":"https:\/\/www.uninter.com\/radio\/wp-json\/wp\/v2\/tags?post=34230"}],"curies":[{"name":"wp","href":"https:\/\/api.w.org\/{rel}","templated":true}]}}