{"id":34227,"date":"2022-09-28T16:03:18","date_gmt":"2022-09-28T19:03:18","guid":{"rendered":"https:\/\/www.uninter.com\/radio\/?p=34227"},"modified":"2022-09-28T16:03:20","modified_gmt":"2022-09-28T19:03:20","slug":"chave-interdisciplinar-filosofia-e-a-vida","status":"publish","type":"post","link":"https:\/\/www.uninter.com\/radio\/chave-interdisciplinar-filosofia-e-a-vida","title":{"rendered":"Chave Interdisciplinar | Filosofia e a vida"},"content":{"rendered":"\n<figure class=\"wp-block-audio\"><audio controls src=\"https:\/\/www.uninter.com\/radio\/wp-content\/uploads\/2022\/09\/chave-22-09-2022.mp3\"><\/audio><\/figure>\n\n\n\n<p>Nesta edi\u00e7\u00e3o do programa Chave Interdisciplinar vamos debater como o saber filos\u00f3fico pode ajudar voc\u00ea nos processos de autoconhecimento e compreens\u00e3o do mundo. <\/p>\n\n\n\n<p>Para isso contamos com a presen\u00e7a dos professores C\u00edcero Manoel Bezerra e Douglas Henrique Antunes Lopes.<\/p>\n","protected":false},"excerpt":{"rendered":"<p>Nesta edi\u00e7\u00e3o do programa Chave Interdisciplinar vamos debater como o saber filos\u00f3fico pode ajudar voc\u00ea&#8230;<\/p>\n","protected":false},"author":3,"featured_media":33668,"comment_status":"open","ping_status":"open","sticky":false,"template":"","format":"standard","meta":[],"categories":[2735],"tags":[],"_links":{"self":[{"href":"https:\/\/www.uninter.com\/radio\/wp-json\/wp\/v2\/posts\/34227"}],"collection":[{"href":"https:\/\/www.uninter.com\/radio\/wp-json\/wp\/v2\/posts"}],"about":[{"href":"https:\/\/www.uninter.com\/radio\/wp-json\/wp\/v2\/types\/post"}],"author":[{"embeddable":true,"href":"https:\/\/www.uninter.com\/radio\/wp-json\/wp\/v2\/users\/3"}],"replies":[{"embeddable":true,"href":"https:\/\/www.uninter.com\/radio\/wp-json\/wp\/v2\/comments?post=34227"}],"version-history":[{"count":1,"href":"https:\/\/www.uninter.com\/radio\/wp-json\/wp\/v2\/posts\/34227\/revisions"}],"predecessor-version":[{"id":34229,"href":"https:\/\/www.uninter.com\/radio\/wp-json\/wp\/v2\/posts\/34227\/revisions\/34229"}],"wp:featuredmedia":[{"embeddable":true,"href":"https:\/\/www.uninter.com\/radio\/wp-json\/wp\/v2\/media\/33668"}],"wp:attachment":[{"href":"https:\/\/www.uninter.com\/radio\/wp-json\/wp\/v2\/media?parent=34227"}],"wp:term":[{"taxonomy":"category","embeddable":true,"href":"https:\/\/www.uninter.com\/radio\/wp-json\/wp\/v2\/categories?post=34227"},{"taxonomy":"post_tag","embeddable":true,"href":"https:\/\/www.uninter.com\/radio\/wp-json\/wp\/v2\/tags?post=34227"}],"curies":[{"name":"wp","href":"https:\/\/api.w.org\/{rel}","templated":true}]}}