{"id":34186,"date":"2022-09-26T14:27:44","date_gmt":"2022-09-26T17:27:44","guid":{"rendered":"https:\/\/www.uninter.com\/radio\/?p=34186"},"modified":"2022-09-26T14:27:46","modified_gmt":"2022-09-26T17:27:46","slug":"transito-e-mobilidade-analise-da-proposta-do-novo-processo-de-formacao-de-condutores","status":"publish","type":"post","link":"https:\/\/www.uninter.com\/radio\/transito-e-mobilidade-analise-da-proposta-do-novo-processo-de-formacao-de-condutores","title":{"rendered":"Tr\u00e2nsito e Mobilidade | An\u00e1lise da proposta do &#8220;Novo processo de forma\u00e7\u00e3o de condutores&#8221;"},"content":{"rendered":"\n<figure class=\"wp-block-audio\"><audio controls src=\"https:\/\/www.uninter.com\/radio\/wp-content\/uploads\/2022\/09\/transito-e-mobilidade-16-09-2022.mp3\"><\/audio><\/figure>\n\n\n\n<p>O programa Tr\u00e2nsito e Mobilidade prop\u00f5e uma an\u00e1lise cr\u00edtica sobre a proposta de altera\u00e7\u00e3o do &#8220;Novo processo de forma\u00e7\u00e3o de condutores&#8221;. <\/p>\n\n\n\n<p>Para a conversa recebemos Francieli Librelotto da Rosa, professora convidada na mat\u00e9ria de tr\u00e2nsito pela Escola Superior de Advocacia da OAB\/RS.<\/p>\n","protected":false},"excerpt":{"rendered":"<p>O programa Tr\u00e2nsito e Mobilidade prop\u00f5e uma an\u00e1lise cr\u00edtica sobre a proposta de altera\u00e7\u00e3o do&#8230;<\/p>\n","protected":false},"author":3,"featured_media":33729,"comment_status":"open","ping_status":"open","sticky":false,"template":"","format":"standard","meta":[],"categories":[2718],"tags":[],"_links":{"self":[{"href":"https:\/\/www.uninter.com\/radio\/wp-json\/wp\/v2\/posts\/34186"}],"collection":[{"href":"https:\/\/www.uninter.com\/radio\/wp-json\/wp\/v2\/posts"}],"about":[{"href":"https:\/\/www.uninter.com\/radio\/wp-json\/wp\/v2\/types\/post"}],"author":[{"embeddable":true,"href":"https:\/\/www.uninter.com\/radio\/wp-json\/wp\/v2\/users\/3"}],"replies":[{"embeddable":true,"href":"https:\/\/www.uninter.com\/radio\/wp-json\/wp\/v2\/comments?post=34186"}],"version-history":[{"count":1,"href":"https:\/\/www.uninter.com\/radio\/wp-json\/wp\/v2\/posts\/34186\/revisions"}],"predecessor-version":[{"id":34188,"href":"https:\/\/www.uninter.com\/radio\/wp-json\/wp\/v2\/posts\/34186\/revisions\/34188"}],"wp:featuredmedia":[{"embeddable":true,"href":"https:\/\/www.uninter.com\/radio\/wp-json\/wp\/v2\/media\/33729"}],"wp:attachment":[{"href":"https:\/\/www.uninter.com\/radio\/wp-json\/wp\/v2\/media?parent=34186"}],"wp:term":[{"taxonomy":"category","embeddable":true,"href":"https:\/\/www.uninter.com\/radio\/wp-json\/wp\/v2\/categories?post=34186"},{"taxonomy":"post_tag","embeddable":true,"href":"https:\/\/www.uninter.com\/radio\/wp-json\/wp\/v2\/tags?post=34186"}],"curies":[{"name":"wp","href":"https:\/\/api.w.org\/{rel}","templated":true}]}}