{"id":34183,"date":"2022-09-26T14:25:03","date_gmt":"2022-09-26T17:25:03","guid":{"rendered":"https:\/\/www.uninter.com\/radio\/?p=34183"},"modified":"2022-09-26T14:25:05","modified_gmt":"2022-09-26T17:25:05","slug":"sua-carreira-a-carreira-do-educador-social","status":"publish","type":"post","link":"https:\/\/www.uninter.com\/radio\/sua-carreira-a-carreira-do-educador-social","title":{"rendered":"Sua Carreira | A carreira do educador social"},"content":{"rendered":"\n<figure class=\"wp-block-audio\"><audio controls src=\"https:\/\/www.uninter.com\/radio\/wp-content\/uploads\/2022\/09\/sua-carreira-16-09-2022.mp3\"><\/audio><\/figure>\n\n\n\n<p>Quer saber o que faz e como trabalha um educador social? Confira o Sua Carreira desta semana, que recebe a coordenadora do curso Cleci Elisa Albiero. <\/p>\n\n\n\n<p>Com apresenta\u00e7\u00e3o de Evandro Tosin, acompanhe aqui na R\u00e1dio Uninter.<\/p>\n","protected":false},"excerpt":{"rendered":"<p>Quer saber o que faz e como trabalha um educador social? Confira o Sua Carreira&#8230;<\/p>\n","protected":false},"author":3,"featured_media":30558,"comment_status":"open","ping_status":"open","sticky":false,"template":"","format":"standard","meta":[],"categories":[2711],"tags":[],"_links":{"self":[{"href":"https:\/\/www.uninter.com\/radio\/wp-json\/wp\/v2\/posts\/34183"}],"collection":[{"href":"https:\/\/www.uninter.com\/radio\/wp-json\/wp\/v2\/posts"}],"about":[{"href":"https:\/\/www.uninter.com\/radio\/wp-json\/wp\/v2\/types\/post"}],"author":[{"embeddable":true,"href":"https:\/\/www.uninter.com\/radio\/wp-json\/wp\/v2\/users\/3"}],"replies":[{"embeddable":true,"href":"https:\/\/www.uninter.com\/radio\/wp-json\/wp\/v2\/comments?post=34183"}],"version-history":[{"count":1,"href":"https:\/\/www.uninter.com\/radio\/wp-json\/wp\/v2\/posts\/34183\/revisions"}],"predecessor-version":[{"id":34185,"href":"https:\/\/www.uninter.com\/radio\/wp-json\/wp\/v2\/posts\/34183\/revisions\/34185"}],"wp:featuredmedia":[{"embeddable":true,"href":"https:\/\/www.uninter.com\/radio\/wp-json\/wp\/v2\/media\/30558"}],"wp:attachment":[{"href":"https:\/\/www.uninter.com\/radio\/wp-json\/wp\/v2\/media?parent=34183"}],"wp:term":[{"taxonomy":"category","embeddable":true,"href":"https:\/\/www.uninter.com\/radio\/wp-json\/wp\/v2\/categories?post=34183"},{"taxonomy":"post_tag","embeddable":true,"href":"https:\/\/www.uninter.com\/radio\/wp-json\/wp\/v2\/tags?post=34183"}],"curies":[{"name":"wp","href":"https:\/\/api.w.org\/{rel}","templated":true}]}}